{"id":10000,"date":"2022-12-04T16:16:40","date_gmt":"2022-12-04T19:16:40","guid":{"rendered":"https:\/\/radiostudiow.com.br\/site\/?p=10000"},"modified":"2025-01-31T15:09:47","modified_gmt":"2025-01-31T18:09:47","slug":"selecao-malletense-feminina-de-futsal-e-homenageada-em-laranjeiras-do-sul","status":"publish","type":"post","link":"https:\/\/radiostudiow.com.br\/site\/2022\/12\/04\/selecao-malletense-feminina-de-futsal-e-homenageada-em-laranjeiras-do-sul\/","title":{"rendered":"SELE\u00c7\u00c3O MALLETENSE FEMININA DE FUTSAL \u00c9 HOMENAGEADA EM LARANJEIRAS DO SUL\u00a0"},"content":{"rendered":"\n<p>Na noite da quinta-feira (01), a 10\u00aa Regional da Paran\u00e1 Esporte juntamente com a Superintend\u00eancia Regional do Paran\u00e1 Esporte e a Cantuquirigua\u00e7u, realizaram uma cerim\u00f4nia para homenagear o trabalho das Secretarias de Esportes com o pr\u00eamio &#8220;Melhores do Ano no Esporte Regional 2022&#8221;.<\/p>\n\n\n\n<p>O evento foi realizado nas depend\u00eancias do Cine Teatro Iguassu,em Laranjeiras do Sul e contou com 34 munic\u00edpios os quais receberam as suas respectivas premia\u00e7\u00f5es.<\/p>\n\n\n\n<p>As atletas Carla J\u00e9ssica dos Santos e Patr\u00edcia Eduarda Castilho Plachta,<\/p>\n\n\n\n<p>representaram as meninas da sele\u00e7\u00e3o feminina malletense de futsal, as quais foram homenageadas com trof\u00e9us pelos recentes resultados positivos e pela possibilidade da conquista da 23\u00aa Copa Amcespar de futsal feminino, onde jogar\u00e1 na pr\u00f3xima ter\u00e7a-feira dia 06 de dezembro no gin\u00e1sio de esportes de Mallet contra a cidade de Prudent\u00f3polis, o primeiro jogo da final.<\/p>\n\n\n\n<figure class=\"wp-block-image size-full\"><img decoding=\"async\" src=\"https:\/\/radiostudiow.com.br\/site\/wp-content\/uploads\/2022\/06\/SICREDI.jpg\" alt=\"\" class=\"wp-image-7695\"\/><\/figure>\n\n\n\n<p>Quem marcou presen\u00e7a tamb\u00e9m no evento foi o Secret\u00e1rio de Esportes Valdir Wladyka e o Prefeito Municipal Moacir Szinvelski, que realizou a entrega dos trof\u00e9us aos homenageados.<\/p>\n\n\n\n<p>Para o prefeito Moacir encerrar mais um ano e ainda com possibilidade de ser campe\u00e3o, \u00e9 muito gratificante. &#8220;Depois dos excelentes resultados nas semifinais, onde venceram a sele\u00e7\u00e3o de Irati aplicando duas goleadas, nossas meninas merecem todo o carinho necess\u00e1rio e essa homenagem \u00e9 mais do que merecida&#8221;, destacou o prefeito Moacir Szinvelski a nossa reportagem.<\/p>\n\n\n\n<p>A Secretaria de Esportes de Mallet recebeu tamb\u00e9m o trof\u00e9u homenageando a equipe que trabalhou na realiza\u00e7\u00e3o do Pedala Aquece Paran\u00e1, que ocorreu no m\u00eas de junho aqui na cidade e arrecadou roupas e cobertores para pessoas vulner\u00e1veis ao frio.<\/p>\n\n\n\n<p>Evento que foi realizado durante a etapa da Rota das Col\u00f4nias e contou com mais de 200 inscritos.<\/p>\n\n\n\n<p>Ap\u00f3s a cerim\u00f4nia os convidados foram recepcionados na Sede Campestre Clube da Fase em Laranjeiras do Sul, para um delicioso jantar.<\/p>\n\n\n\n<figure class=\"wp-block-image size-full\"><img decoding=\"async\" src=\"https:\/\/radiostudiow.com.br\/site\/wp-content\/uploads\/2022\/06\/NUTRI-MALLET.jpg\" alt=\"\" class=\"wp-image-7772\"\/><\/figure>\n\n\n\n<figure class=\"wp-block-gallery has-nested-images columns-1 is-cropped wp-block-gallery-1 is-layout-flex wp-block-gallery-is-layout-flex\">\n<figure class=\"wp-block-image size-large\"><img loading=\"lazy\" decoding=\"async\" width=\"654\" height=\"407\" data-id=\"10004\" src=\"https:\/\/radiostudiow.com.br\/site\/wp-content\/uploads\/2022\/12\/01.jpg\" alt=\"\" class=\"wp-image-10004\" srcset=\"https:\/\/radiostudiow.com.br\/site\/wp-content\/uploads\/2022\/12\/01.jpg 654w, https:\/\/radiostudiow.com.br\/site\/wp-content\/uploads\/2022\/12\/01-300x187.jpg 300w\" sizes=\"auto, (max-width: 654px) 100vw, 654px\" \/><\/figure>\n\n\n\n<figure class=\"wp-block-image size-large\"><img loading=\"lazy\" decoding=\"async\" width=\"553\" height=\"429\" data-id=\"10003\" src=\"https:\/\/radiostudiow.com.br\/site\/wp-content\/uploads\/2022\/12\/02.jpg\" alt=\"\" class=\"wp-image-10003\" srcset=\"https:\/\/radiostudiow.com.br\/site\/wp-content\/uploads\/2022\/12\/02.jpg 553w, https:\/\/radiostudiow.com.br\/site\/wp-content\/uploads\/2022\/12\/02-300x233.jpg 300w\" sizes=\"auto, (max-width: 553px) 100vw, 553px\" \/><\/figure>\n\n\n\n<figure class=\"wp-block-image size-large\"><img loading=\"lazy\" decoding=\"async\" width=\"1024\" height=\"768\" data-id=\"10002\" src=\"https:\/\/radiostudiow.com.br\/site\/wp-content\/uploads\/2022\/12\/03-1024x768.jpg\" alt=\"\" class=\"wp-image-10002\" srcset=\"https:\/\/radiostudiow.com.br\/site\/wp-content\/uploads\/2022\/12\/03-1024x768.jpg 1024w, https:\/\/radiostudiow.com.br\/site\/wp-content\/uploads\/2022\/12\/03-300x225.jpg 300w, https:\/\/radiostudiow.com.br\/site\/wp-content\/uploads\/2022\/12\/03-768x576.jpg 768w, https:\/\/radiostudiow.com.br\/site\/wp-content\/uploads\/2022\/12\/03-1536x1152.jpg 1536w, https:\/\/radiostudiow.com.br\/site\/wp-content\/uploads\/2022\/12\/03.jpg 1600w\" sizes=\"auto, (max-width: 1024px) 100vw, 1024px\" \/><\/figure>\n\n\n\n<figure class=\"wp-block-image size-large\"><img loading=\"lazy\" decoding=\"async\" width=\"1024\" height=\"576\" data-id=\"10001\" src=\"https:\/\/radiostudiow.com.br\/site\/wp-content\/uploads\/2022\/12\/04-1024x576.jpg\" alt=\"\" class=\"wp-image-10001\" srcset=\"https:\/\/radiostudiow.com.br\/site\/wp-content\/uploads\/2022\/12\/04-1024x576.jpg 1024w, https:\/\/radiostudiow.com.br\/site\/wp-content\/uploads\/2022\/12\/04-300x169.jpg 300w, https:\/\/radiostudiow.com.br\/site\/wp-content\/uploads\/2022\/12\/04-768x432.jpg 768w, https:\/\/radiostudiow.com.br\/site\/wp-content\/uploads\/2022\/12\/04.jpg 1080w\" sizes=\"auto, (max-width: 1024px) 100vw, 1024px\" \/><\/figure>\n<\/figure>\n","protected":false},"excerpt":{"rendered":"<p>Na noite da quinta-feira (01), a 10\u00aa Regional da Paran\u00e1 Esporte juntamente com a Superintend\u00eancia Regional do Paran\u00e1 Esporte e a Cantuquirigua\u00e7u, realizaram uma cerim\u00f4nia para homenagear o trabalho das Secretarias de Esportes com o pr\u00eamio &#8220;Melhores do Ano no Esporte Regional 2022&#8221;. O evento foi realizado nas depend\u00eancias do Cine Teatro Iguassu,em Laranjeiras do [&hellip;]<\/p>\n","protected":false},"author":2,"featured_media":10004,"comment_status":"open","ping_status":"open","sticky":false,"template":"","format":"standard","meta":{"footnotes":""},"categories":[7,184],"tags":[172],"class_list":["post-10000","post","type-post","status-publish","format-standard","has-post-thumbnail","hentry","category-geral","category-local","tag-featured"],"amp_enabled":true,"_links":{"self":[{"href":"https:\/\/radiostudiow.com.br\/site\/wp-json\/wp\/v2\/posts\/10000","targetHints":{"allow":["GET"]}}],"collection":[{"href":"https:\/\/radiostudiow.com.br\/site\/wp-json\/wp\/v2\/posts"}],"about":[{"href":"https:\/\/radiostudiow.com.br\/site\/wp-json\/wp\/v2\/types\/post"}],"author":[{"embeddable":true,"href":"https:\/\/radiostudiow.com.br\/site\/wp-json\/wp\/v2\/users\/2"}],"replies":[{"embeddable":true,"href":"https:\/\/radiostudiow.com.br\/site\/wp-json\/wp\/v2\/comments?post=10000"}],"version-history":[{"count":1,"href":"https:\/\/radiostudiow.com.br\/site\/wp-json\/wp\/v2\/posts\/10000\/revisions"}],"predecessor-version":[{"id":10005,"href":"https:\/\/radiostudiow.com.br\/site\/wp-json\/wp\/v2\/posts\/10000\/revisions\/10005"}],"wp:featuredmedia":[{"embeddable":true,"href":"https:\/\/radiostudiow.com.br\/site\/wp-json\/wp\/v2\/media\/10004"}],"wp:attachment":[{"href":"https:\/\/radiostudiow.com.br\/site\/wp-json\/wp\/v2\/media?parent=10000"}],"wp:term":[{"taxonomy":"category","embeddable":true,"href":"https:\/\/radiostudiow.com.br\/site\/wp-json\/wp\/v2\/categories?post=10000"},{"taxonomy":"post_tag","embeddable":true,"href":"https:\/\/radiostudiow.com.br\/site\/wp-json\/wp\/v2\/tags?post=10000"}],"curies":[{"name":"wp","href":"https:\/\/api.w.org\/{rel}","templated":true}]}}