{"id":10229,"date":"2022-12-20T15:44:51","date_gmt":"2022-12-20T18:44:51","guid":{"rendered":"https:\/\/radiostudiow.com.br\/site\/?p=10229"},"modified":"2025-01-31T15:09:45","modified_gmt":"2025-01-31T18:09:45","slug":"sicredi-realiza-programa-uniao-faz-a-vida-em-mallet","status":"publish","type":"post","link":"https:\/\/radiostudiow.com.br\/site\/2022\/12\/20\/sicredi-realiza-programa-uniao-faz-a-vida-em-mallet\/","title":{"rendered":"Sicredi realiza \u201cPrograma Uni\u00e3o Faz a Vida\u201d em Mallet"},"content":{"rendered":"\n<figure class=\"wp-block-image\"><img decoding=\"async\" src=\"https:\/\/radiostudiow.com.br\/site\/wp-content\/uploads\/2022\/11\/image-10.png\" alt=\"\" class=\"wp-image-9640\"\/><\/figure>\n\n\n\n<p>Na quinta-feira, 08 de dezembro, a Equipe de desenvolvimento do cooperativismo do Sicredi esteve presente na cidade de Mallet com a companhia do gerente da ag\u00eancia local Milton Didimo J\u00fanior acompanhando os&nbsp;<strong>projetos do Programa Uni\u00e3o faz a Vida das escolas de Rom\u00e3o Paul e Monte Claro.<\/strong><\/p>\n\n\n\n<p>Segundo os idealizadores do projeto, realmente ver o comprometimento das escolas parceiras dentro do programa juntamente com a secretaria de educa\u00e7\u00e3o de Mallet, Elson Krinski, \u201c<em>\u00e9 algo que traz uma imensa alegria, a forma como os projetos v\u00eam sendo desenvolvidos realmente \u00e9 algo grandioso, com o passar do tempo podemos ver o quanto a cidadania, o olhar das crian\u00e7as com rela\u00e7\u00e3o aos temas abordados est\u00e1 sendo refletidas e aplicadas de maneira significativ<\/em>a\u201d.<\/p>\n\n\n\n<figure class=\"wp-block-image\"><img decoding=\"async\" src=\"https:\/\/radiostudiow.com.br\/site\/wp-content\/uploads\/2022\/12\/image-7-1024x768.png\" alt=\"\" class=\"wp-image-10220\"\/><\/figure>\n\n\n\n<p>O programa traz uma rica metodologia que instiga os alunos a saber mais e fazendo com que sejam protagonistas em sua participa\u00e7\u00e3o, fazendo assim que busquem temas interessantes que queiram abordar e aprofundar no decorrer do ano com as intens\u00f5es e objetivos a serem cumpridos dentro do curr\u00edculo escolar e dos princ\u00edpios do programa. Cada escola teve suas escolhas dos temas geradores e com essa decis\u00e3o se fez presente a din\u00e2mica e forma de ser aplicada buscando o melhor desenvolvimento poss\u00edvel.<\/p>\n\n\n\n<p>A escola de Rom\u00e3o Paul intensificou-se com a sustentabilidade e dentro desse tema foram trabalhados projetos encantadores onde todo o resultado trouxe um valor imenso com rela\u00e7\u00e3o ao impacto que teve na&nbsp;<strong>vida dos alunos e comunidade envolvida, o cultivar mudas de \u00e1rvores nativas e mel\u00edferas, plantar, o conhecimento a fundo de erva-mate, a quest\u00e3o sustent\u00e1vel da bucha vegetal.<\/strong><\/p>\n\n\n\n<figure class=\"wp-block-image\"><img decoding=\"async\" src=\"https:\/\/radiostudiow.com.br\/site\/wp-content\/uploads\/2022\/12\/image-8-1024x768.png\" alt=\"\" class=\"wp-image-10221\"\/><\/figure>\n\n\n\n<p>Escola de Monte Claro tamb\u00e9m tiveram seus objetivos dentro da escola onde desenvolveram brilhantes projetos vinculados com a educa\u00e7\u00e3o financeira, a import\u00e2ncia de desenvolver a leitura de forma din\u00e2mica, o descarte correto de pilhas e baterias, e a import\u00e2ncia de se manter vivas as mem\u00f3rias entre o passado e o presente.<\/p>\n\n\n\n<p><em>\u201cNossa imensa gratid\u00e3o a todos que nos deram o sim e levaram o melhor para dentro das escolas fazendo esse trabalho fant\u00e1stico alcan\u00e7ando todos os objetivos propostos e conscientizando a import\u00e2ncia para o futuro\u201d<\/em>, agradecem os idealizadores do projeto.<\/p>\n\n\n\n<figure class=\"wp-block-image\"><img decoding=\"async\" src=\"https:\/\/radiostudiow.com.br\/site\/wp-content\/uploads\/2022\/12\/image-6-1024x768.png\" alt=\"\" class=\"wp-image-10219\"\/><\/figure>\n\n\n\n<figure class=\"wp-block-image\"><img decoding=\"async\" src=\"https:\/\/radiostudiow.com.br\/site\/wp-content\/uploads\/2022\/10\/image-2.png\" alt=\"\" class=\"wp-image-9419\"\/><\/figure>\n","protected":false},"excerpt":{"rendered":"<p>Na quinta-feira, 08 de dezembro, a Equipe de desenvolvimento do cooperativismo do Sicredi esteve presente na cidade de Mallet com a companhia do gerente da ag\u00eancia local Milton Didimo J\u00fanior acompanhando os&nbsp;projetos do Programa Uni\u00e3o faz a Vida das escolas de Rom\u00e3o Paul e Monte Claro. Segundo os idealizadores do projeto, realmente ver o comprometimento [&hellip;]<\/p>\n","protected":false},"author":2,"featured_media":0,"comment_status":"open","ping_status":"open","sticky":false,"template":"","format":"standard","meta":{"footnotes":""},"categories":[184],"tags":[172],"class_list":["post-10229","post","type-post","status-publish","format-standard","hentry","category-local","tag-featured"],"amp_enabled":true,"_links":{"self":[{"href":"https:\/\/radiostudiow.com.br\/site\/wp-json\/wp\/v2\/posts\/10229","targetHints":{"allow":["GET"]}}],"collection":[{"href":"https:\/\/radiostudiow.com.br\/site\/wp-json\/wp\/v2\/posts"}],"about":[{"href":"https:\/\/radiostudiow.com.br\/site\/wp-json\/wp\/v2\/types\/post"}],"author":[{"embeddable":true,"href":"https:\/\/radiostudiow.com.br\/site\/wp-json\/wp\/v2\/users\/2"}],"replies":[{"embeddable":true,"href":"https:\/\/radiostudiow.com.br\/site\/wp-json\/wp\/v2\/comments?post=10229"}],"version-history":[{"count":2,"href":"https:\/\/radiostudiow.com.br\/site\/wp-json\/wp\/v2\/posts\/10229\/revisions"}],"predecessor-version":[{"id":10240,"href":"https:\/\/radiostudiow.com.br\/site\/wp-json\/wp\/v2\/posts\/10229\/revisions\/10240"}],"wp:attachment":[{"href":"https:\/\/radiostudiow.com.br\/site\/wp-json\/wp\/v2\/media?parent=10229"}],"wp:term":[{"taxonomy":"category","embeddable":true,"href":"https:\/\/radiostudiow.com.br\/site\/wp-json\/wp\/v2\/categories?post=10229"},{"taxonomy":"post_tag","embeddable":true,"href":"https:\/\/radiostudiow.com.br\/site\/wp-json\/wp\/v2\/tags?post=10229"}],"curies":[{"name":"wp","href":"https:\/\/api.w.org\/{rel}","templated":true}]}}