{"id":10298,"date":"2022-12-26T16:02:01","date_gmt":"2022-12-26T19:02:01","guid":{"rendered":"https:\/\/radiostudiow.com.br\/site\/?p=10298"},"modified":"2025-01-31T15:09:44","modified_gmt":"2025-01-31T18:09:44","slug":"bebe-e-mais-duas-pessoas-morrem-em-grave-acidente-em-palmeira","status":"publish","type":"post","link":"https:\/\/radiostudiow.com.br\/site\/2022\/12\/26\/bebe-e-mais-duas-pessoas-morrem-em-grave-acidente-em-palmeira\/","title":{"rendered":"Beb\u00ea e mais duas pessoas morrem em grave acidente em Palmeira"},"content":{"rendered":"\n<p>Um grav\u00edssimo acidente vitimou tr\u00eas pessoas, entre elas uma jovem de 24 anos e um beb\u00ea de apenas dois meses de vida no km 149,4 da BR-277, em Palmeira na manh\u00e3 deste s\u00e1bado (24). Segundo a Pol\u00edcia Rodovi\u00e1ria Federal (PRF), a colis\u00e3o frontal envolveu quatro ve\u00edculos.<\/p>\n\n\n\n<p>Um autom\u00f3vel Mobi, cor cinza, de Curitiba, seguia sentido Guarapuava, quando a condutora de 24 anos perdeu o controle da dire\u00e7\u00e3o e invadiu a pista contr\u00e1ria. Na sequ\u00eancia, o carro colidiu na traseira de outro ve\u00edculo Mobi, cor branca, que seguia no sentido contr\u00e1rio. O Mobi cinza ainda colidiu na parte frontal do autom\u00f3vel Mercedes Benz de Curitiba que seguia no sentido Guarapuava a Curitiba. Com o impacto da colis\u00e3o, o ve\u00edculo Mereces Benz saiu do leito carro\u00e7\u00e1vel parando em \u00e1rea verde.<\/p>\n\n\n\n<figure class=\"wp-block-image size-full\"><img decoding=\"async\" src=\"https:\/\/radiostudiow.com.br\/site\/wp-content\/uploads\/2022\/10\/image-1.png\" alt=\"\" class=\"wp-image-9418\"\/><\/figure>\n\n\n\n<p>O Mobi cinza capotou e ficou imobilizado com as rodas para cima. Um outro ve\u00edculo HB20, de Campo Mour\u00e3o, que seguia no sentido Curitiba para Guarapuava acabou saindo do leito carro\u00e7\u00e1vel em virtude da colis\u00e3o dos outros ve\u00edculos, por\u00e9m n\u00e3o colidiu com nenhum dos outros, parando em \u00e1rea verde.<\/p>\n\n\n\n<p>Do Mobi cinza resultaram quatro v\u00edtimas, sendo a condutora de 24 anos, um homem ainda n\u00e3o identificado e um beb\u00ea de 2 meses em \u00f3bito e uma mulher em estado grave, encaminhada por helic\u00f3ptero para hospital do Rocio de Campo Largo, assim como o condutor do Mercedes, que tamb\u00e9m ficou gravemente ferido.<\/p>\n\n\n\n<p>No Mobi branco estava um casal, que saiu ileso, assim como o casal que estava no HB20.<\/p>\n","protected":false},"excerpt":{"rendered":"<p>Um grav\u00edssimo acidente vitimou tr\u00eas pessoas, entre elas uma jovem de 24 anos e um beb\u00ea de apenas dois meses de vida no km 149,4 da BR-277, em Palmeira na manh\u00e3 deste s\u00e1bado (24). Segundo a Pol\u00edcia Rodovi\u00e1ria Federal (PRF), a colis\u00e3o frontal envolveu quatro ve\u00edculos. Um autom\u00f3vel Mobi, cor cinza, de Curitiba, seguia sentido [&hellip;]<\/p>\n","protected":false},"author":2,"featured_media":0,"comment_status":"open","ping_status":"open","sticky":false,"template":"","format":"standard","meta":{"footnotes":""},"categories":[2],"tags":[172],"class_list":["post-10298","post","type-post","status-publish","format-standard","hentry","category-policial","tag-featured"],"amp_enabled":true,"_links":{"self":[{"href":"https:\/\/radiostudiow.com.br\/site\/wp-json\/wp\/v2\/posts\/10298","targetHints":{"allow":["GET"]}}],"collection":[{"href":"https:\/\/radiostudiow.com.br\/site\/wp-json\/wp\/v2\/posts"}],"about":[{"href":"https:\/\/radiostudiow.com.br\/site\/wp-json\/wp\/v2\/types\/post"}],"author":[{"embeddable":true,"href":"https:\/\/radiostudiow.com.br\/site\/wp-json\/wp\/v2\/users\/2"}],"replies":[{"embeddable":true,"href":"https:\/\/radiostudiow.com.br\/site\/wp-json\/wp\/v2\/comments?post=10298"}],"version-history":[{"count":1,"href":"https:\/\/radiostudiow.com.br\/site\/wp-json\/wp\/v2\/posts\/10298\/revisions"}],"predecessor-version":[{"id":10300,"href":"https:\/\/radiostudiow.com.br\/site\/wp-json\/wp\/v2\/posts\/10298\/revisions\/10300"}],"wp:attachment":[{"href":"https:\/\/radiostudiow.com.br\/site\/wp-json\/wp\/v2\/media?parent=10298"}],"wp:term":[{"taxonomy":"category","embeddable":true,"href":"https:\/\/radiostudiow.com.br\/site\/wp-json\/wp\/v2\/categories?post=10298"},{"taxonomy":"post_tag","embeddable":true,"href":"https:\/\/radiostudiow.com.br\/site\/wp-json\/wp\/v2\/tags?post=10298"}],"curies":[{"name":"wp","href":"https:\/\/api.w.org\/{rel}","templated":true}]}}