{"id":10315,"date":"2022-12-27T14:19:21","date_gmt":"2022-12-27T17:19:21","guid":{"rendered":"https:\/\/radiostudiow.com.br\/site\/?p=10315"},"modified":"2025-01-31T15:09:44","modified_gmt":"2025-01-31T18:09:44","slug":"vitimas-de-acidente-em-palmeira-estavam-com-casamento-marcado-bebe-tambem-morreu","status":"publish","type":"post","link":"https:\/\/radiostudiow.com.br\/site\/2022\/12\/27\/vitimas-de-acidente-em-palmeira-estavam-com-casamento-marcado-bebe-tambem-morreu\/","title":{"rendered":"V\u00edtimas de acidente em Palmeira estavam com casamento marcado. Um beb\u00ea tamb\u00e9m morreu"},"content":{"rendered":"\n<p>O casal que morreu no&nbsp;<a href=\"https:\/\/radiostudiow.com.br\/site\/2022\/12\/26\/bebe-e-mais-duas-pessoas-morrem-em-grave-acidente-em-palmeira\/\" data-type=\"URL\" data-id=\"https:\/\/radiostudiow.com.br\/site\/2022\/12\/26\/bebe-e-mais-duas-pessoas-morrem-em-grave-acidente-em-palmeira\/\">acidente na BR-277, em Palmeira, na regi\u00e3o dos Campos Gerais<\/a>, neste s\u00e1bado (24), estava com casamento marcado para o pr\u00f3ximo m\u00eas. Ely Cristina Negrelli Cordeiro, de 31 anos, e o noivo Rodrigo Duarte Alexandre, de 32, estavam no ve\u00edculo Fiat Mobi que se envolveu em uma colis\u00e3o com outros tr\u00eas ve\u00edculos.<\/p>\n\n\n\n<figure class=\"wp-block-image size-full\"><img decoding=\"async\" src=\"https:\/\/radiostudiow.com.br\/site\/wp-content\/uploads\/2022\/11\/image-10.png\" alt=\"\" class=\"wp-image-9640\"\/><\/figure>\n\n\n\n<figure class=\"wp-block-image size-full\"><img decoding=\"async\" src=\"https:\/\/radiostudiow.com.br\/site\/wp-content\/uploads\/2022\/12\/WhatsApp-Image-2022-12-24-at-16.07.47_Easy-Resize.com_-1024x576-1.jpg\" alt=\"\" class=\"wp-image-10299\"\/><\/figure>\n\n\n\n<p>Al\u00e9m do casal, no ve\u00edculo estavam uma mulher e o filho beb\u00ea, de apenas dois meses. Com o impacto, a crian\u00e7a tamb\u00e9m n\u00e3o resistiu e a m\u00e3e foi encaminhada ao hospital com ferimentos graves.<\/p>\n\n\n\n<p>Outros tr\u00eas carros se envolveram no acidente, por\u00e9m, todos os \u00f3bitos eram de passageiros do Fiat Mobi. A causa do acidente ser\u00e1 investigada. A suspeita \u00e9 que o pr\u00f3prio Mobi tenha causado a sequ\u00eancia de colis\u00f5es ap\u00f3s bater na traseira de outro ve\u00edculo. Na sequ\u00eancia houve uma colis\u00e3o frontal com uma Mercedes Benz que seguia na pista sentido contr\u00e1rio. A trag\u00e9dia aconteceu na altura do km 148, da BR-277, perto do Recanto dos Papagaios.<\/p>\n\n\n\n<p><\/p>\n\n\n\n<figure class=\"wp-block-image size-full\"><img decoding=\"async\" src=\"https:\/\/radiostudiow.com.br\/site\/wp-content\/uploads\/2022\/10\/image-4.png\" alt=\"\" class=\"wp-image-9421\"\/><\/figure>\n\n\n\n<h2 class=\"wp-block-heading\">V\u00edtimas do acidente na BR-277<\/h2>\n\n\n\n<p>O casal que morreu no acidente na BR-277 morava em Curitiba, mas era natural de Virmond. Na manh\u00e3 deste s\u00e1bado, 24 de dezembro, os noivos seguiam em dire\u00e7\u00e3o ao interior do estado quando se envolveram na colis\u00e3o.<\/p>\n\n\n\n<p>Logo ap\u00f3s a confirma\u00e7\u00e3o dos \u00f3bitos, amigos e familiares de Ely e Rodrigo compartilharam mensagens de despedida nas redes sociais. Um dos colegas comentou que o casal estava com casamento marcado para o pr\u00f3ximo m\u00eas.&nbsp;<\/p>\n\n\n\n<figure class=\"wp-block-image size-full\"><img decoding=\"async\" src=\"https:\/\/radiostudiow.com.br\/site\/wp-content\/uploads\/2022\/12\/WhatsApp-Image-2022-12-27-at-11.16.49-1.jpg\" alt=\"\" class=\"wp-image-10316\"\/><\/figure>\n\n\n\n<p><em>\u201cM\u00eas que vem era seu casamento, eu estava t\u00e3o feliz que ia te rever depois de um tempo. Infelizmente tudo mudou e n\u00e3o aconteceu como planejamos. Ely, obrigado pela parceria destes 12 anos de amizade, obrigado pela companhia nas viagens que fizemos juntos, pelo companheirismo durante a gradua\u00e7\u00e3o\u2026 Descanse em paz minha amiga, Ely!&nbsp;<img loading=\"lazy\" decoding=\"async\" width=\"16\" height=\"16\" src=\"https:\/\/lh3.googleusercontent.com\/eAFLhA1q9qvjhqj52Xml3wEYErIR9JtaBN5A7lE0Ir5XV_LcUxvsw2WztNasGC1oXAAattJI18yH0mFvzO2eU-crlFEKERC58URGkKjcDXaSpX5V6KPwLObRzD35EzgefKPms-ZviawxcSAjvxfPgUkPHvW1sUU44Py9zAv1-ciPg7dfl0hHwL0izSEwjg\" alt=\"\ud83d\udda4\">\u201d, escreveu o amigo.<\/em><\/p>\n","protected":false},"excerpt":{"rendered":"<p>O casal que morreu no&nbsp;acidente na BR-277, em Palmeira, na regi\u00e3o dos Campos Gerais, neste s\u00e1bado (24), estava com casamento marcado para o pr\u00f3ximo m\u00eas. Ely Cristina Negrelli Cordeiro, de 31 anos, e o noivo Rodrigo Duarte Alexandre, de 32, estavam no ve\u00edculo Fiat Mobi que se envolveu em uma colis\u00e3o com outros tr\u00eas ve\u00edculos. [&hellip;]<\/p>\n","protected":false},"author":2,"featured_media":0,"comment_status":"open","ping_status":"open","sticky":false,"template":"","format":"standard","meta":{"footnotes":""},"categories":[2],"tags":[172],"class_list":["post-10315","post","type-post","status-publish","format-standard","hentry","category-policial","tag-featured"],"amp_enabled":true,"_links":{"self":[{"href":"https:\/\/radiostudiow.com.br\/site\/wp-json\/wp\/v2\/posts\/10315","targetHints":{"allow":["GET"]}}],"collection":[{"href":"https:\/\/radiostudiow.com.br\/site\/wp-json\/wp\/v2\/posts"}],"about":[{"href":"https:\/\/radiostudiow.com.br\/site\/wp-json\/wp\/v2\/types\/post"}],"author":[{"embeddable":true,"href":"https:\/\/radiostudiow.com.br\/site\/wp-json\/wp\/v2\/users\/2"}],"replies":[{"embeddable":true,"href":"https:\/\/radiostudiow.com.br\/site\/wp-json\/wp\/v2\/comments?post=10315"}],"version-history":[{"count":2,"href":"https:\/\/radiostudiow.com.br\/site\/wp-json\/wp\/v2\/posts\/10315\/revisions"}],"predecessor-version":[{"id":10319,"href":"https:\/\/radiostudiow.com.br\/site\/wp-json\/wp\/v2\/posts\/10315\/revisions\/10319"}],"wp:attachment":[{"href":"https:\/\/radiostudiow.com.br\/site\/wp-json\/wp\/v2\/media?parent=10315"}],"wp:term":[{"taxonomy":"category","embeddable":true,"href":"https:\/\/radiostudiow.com.br\/site\/wp-json\/wp\/v2\/categories?post=10315"},{"taxonomy":"post_tag","embeddable":true,"href":"https:\/\/radiostudiow.com.br\/site\/wp-json\/wp\/v2\/tags?post=10315"}],"curies":[{"name":"wp","href":"https:\/\/api.w.org\/{rel}","templated":true}]}}