{"id":10322,"date":"2022-12-27T16:22:37","date_gmt":"2022-12-27T19:22:37","guid":{"rendered":"https:\/\/radiostudiow.com.br\/site\/?p=10322"},"modified":"2025-01-31T15:09:44","modified_gmt":"2025-01-31T18:09:44","slug":"mulher-procura-pm-de-paulo-frontin-apos-neta-ser-atacada-por-cachorro-do-vizinho","status":"publish","type":"post","link":"https:\/\/radiostudiow.com.br\/site\/2022\/12\/27\/mulher-procura-pm-de-paulo-frontin-apos-neta-ser-atacada-por-cachorro-do-vizinho\/","title":{"rendered":"Mulher procura PM de Paulo Frontin ap\u00f3s neta ser atacada por cachorro do vizinho"},"content":{"rendered":"\n<p>Uma mulher compareceu ao Pelot\u00e3o da Pol\u00edcia Militar de Paulo Frontin nessa segunda-feira, 26 de dezembro, relatando uma situa\u00e7\u00e3o de les\u00e3o corporal envolvendo um cachorro na Estrada rural em Santana.<\/p>\n\n\n\n<figure class=\"wp-block-image size-full\"><img decoding=\"async\" src=\"https:\/\/radiostudiow.com.br\/site\/wp-content\/uploads\/2022\/09\/image-2.png\" alt=\"\" class=\"wp-image-8966\"\/><\/figure>\n\n\n\n<p>A mulher relatou que por volta das 15:00 horas do dia 22 de dezembro, sua neta foi atacada por um cachorro de porte grande na cor amarelo enquanto brincava e do referido ataque resultou em diversas mordidas pelo corpo e tr\u00eas ferimentos foram profundos na regi\u00e3o da cabe\u00e7a. A v\u00edtima foi encaminhada ao Hospital municipal por familiares.<br>A solicitante relatou que o animal que atacou sua neta sempre est\u00e1 solto na rua, pois a resid\u00eancia do propriet\u00e1rio n\u00e3o possui port\u00e3o e n\u00e3o \u00e9 totalmente cercada.<\/p>\n\n\n\n<p><br>A equipe policial se deslocou at\u00e9 a resid\u00eancia e conversaram com o propriet\u00e1rio do animal, sendo que ap\u00f3s o ocorrido ele providenciou uma corrente forte e uma guia para prender o cachorro at\u00e9 ele fazer um canil adequado para o animal.<\/p>\n\n\n\n<p><br>O propriet\u00e1rio tamb\u00e9m relatou que foi a primeira vez que esse tipo de fato ocorreu envolvendo o seu animal e tomar\u00e1 os devidos cuidados para n\u00e3o ocorrer novamente. A equipe policial orientou ambas as partes.<\/p>\n","protected":false},"excerpt":{"rendered":"<p>Uma mulher compareceu ao Pelot\u00e3o da Pol\u00edcia Militar de Paulo Frontin nessa segunda-feira, 26 de dezembro, relatando uma situa\u00e7\u00e3o de les\u00e3o corporal envolvendo um cachorro na Estrada rural em Santana. A mulher relatou que por volta das 15:00 horas do dia 22 de dezembro, sua neta foi atacada por um cachorro de porte grande na [&hellip;]<\/p>\n","protected":false},"author":2,"featured_media":7904,"comment_status":"open","ping_status":"open","sticky":false,"template":"","format":"standard","meta":{"footnotes":""},"categories":[2],"tags":[172],"class_list":["post-10322","post","type-post","status-publish","format-standard","has-post-thumbnail","hentry","category-policial","tag-featured"],"amp_enabled":true,"_links":{"self":[{"href":"https:\/\/radiostudiow.com.br\/site\/wp-json\/wp\/v2\/posts\/10322","targetHints":{"allow":["GET"]}}],"collection":[{"href":"https:\/\/radiostudiow.com.br\/site\/wp-json\/wp\/v2\/posts"}],"about":[{"href":"https:\/\/radiostudiow.com.br\/site\/wp-json\/wp\/v2\/types\/post"}],"author":[{"embeddable":true,"href":"https:\/\/radiostudiow.com.br\/site\/wp-json\/wp\/v2\/users\/2"}],"replies":[{"embeddable":true,"href":"https:\/\/radiostudiow.com.br\/site\/wp-json\/wp\/v2\/comments?post=10322"}],"version-history":[{"count":1,"href":"https:\/\/radiostudiow.com.br\/site\/wp-json\/wp\/v2\/posts\/10322\/revisions"}],"predecessor-version":[{"id":10323,"href":"https:\/\/radiostudiow.com.br\/site\/wp-json\/wp\/v2\/posts\/10322\/revisions\/10323"}],"wp:featuredmedia":[{"embeddable":true,"href":"https:\/\/radiostudiow.com.br\/site\/wp-json\/wp\/v2\/media\/7904"}],"wp:attachment":[{"href":"https:\/\/radiostudiow.com.br\/site\/wp-json\/wp\/v2\/media?parent=10322"}],"wp:term":[{"taxonomy":"category","embeddable":true,"href":"https:\/\/radiostudiow.com.br\/site\/wp-json\/wp\/v2\/categories?post=10322"},{"taxonomy":"post_tag","embeddable":true,"href":"https:\/\/radiostudiow.com.br\/site\/wp-json\/wp\/v2\/tags?post=10322"}],"curies":[{"name":"wp","href":"https:\/\/api.w.org\/{rel}","templated":true}]}}