{"id":10327,"date":"2022-12-28T10:12:08","date_gmt":"2022-12-28T13:12:08","guid":{"rendered":"https:\/\/radiostudiow.com.br\/site\/?p=10327"},"modified":"2025-01-31T15:09:44","modified_gmt":"2025-01-31T18:09:44","slug":"pm-e-corpo-de-bombeiros-de-general-carneiro-encontram-corpo-apos-combater-incendio-em-residencia","status":"publish","type":"post","link":"https:\/\/radiostudiow.com.br\/site\/2022\/12\/28\/pm-e-corpo-de-bombeiros-de-general-carneiro-encontram-corpo-apos-combater-incendio-em-residencia\/","title":{"rendered":"PM e Corpo de Bombeiros de General Carneiro encontram corpo ap\u00f3s combater inc\u00eandio em resid\u00eancia"},"content":{"rendered":"\n<p>A equipe da Pol\u00edcia Militar de General Carneiro foi acionada via COPOM pelo Corpo dos Bombeiros Comunit\u00e1rios para atender um local de morte nesta ter\u00e7a-feira, 27 de dezembro, na rodovia BR-153.<\/p>\n\n\n\n<figure class=\"wp-block-image size-full\"><img decoding=\"async\" src=\"https:\/\/radiostudiow.com.br\/site\/wp-content\/uploads\/2022\/11\/image-8.png\" alt=\"\" class=\"wp-image-9621\"\/><\/figure>\n\n\n\n<p><br>De acordo com o relat\u00f3rio policial, o Corpo dos Bombeiros Comunit\u00e1rios foram acionados por volta das 20:00 horas para atender um inc\u00eandio em uma resid\u00eancia. At\u00e9 a chegada da equipe o fogo havia consumido o im\u00f3vel, grande parte dos moveis e pertences.<\/p>\n\n\n\n<p><br>Durante o atendimento da equipe de socorristas, foi poss\u00edvel localizar um corpo humano carbonizado no interior da casa. De acordo com o vizinho pr\u00f3ximo a moradora seria uma idosa e residia sozinha. A equipe permaneceu no isolamento do local de morte.<\/p>\n\n\n\n<p><br>No local compareceu a empresa de fornecimento e energia el\u00e9trica para realizar o desligamento da rede. Acionado o IML, Pol\u00edcia Cient\u00edfica e o respons\u00e1vel pela per\u00edcia para averiguar a situa\u00e7\u00e3o para recolhimento do cad\u00e1ver que at\u00e9 o momento n\u00e3o foi identificado.<\/p>\n\n\n\n<figure class=\"wp-block-image size-full\"><img decoding=\"async\" src=\"https:\/\/radiostudiow.com.br\/site\/wp-content\/uploads\/2022\/11\/image-10.png\" alt=\"\" class=\"wp-image-9640\"\/><\/figure>\n","protected":false},"excerpt":{"rendered":"<p>A equipe da Pol\u00edcia Militar de General Carneiro foi acionada via COPOM pelo Corpo dos Bombeiros Comunit\u00e1rios para atender um local de morte nesta ter\u00e7a-feira, 27 de dezembro, na rodovia BR-153. De acordo com o relat\u00f3rio policial, o Corpo dos Bombeiros Comunit\u00e1rios foram acionados por volta das 20:00 horas para atender um inc\u00eandio em uma [&hellip;]<\/p>\n","protected":false},"author":2,"featured_media":9268,"comment_status":"open","ping_status":"open","sticky":false,"template":"","format":"standard","meta":{"footnotes":""},"categories":[2],"tags":[172],"class_list":["post-10327","post","type-post","status-publish","format-standard","has-post-thumbnail","hentry","category-policial","tag-featured"],"amp_enabled":true,"_links":{"self":[{"href":"https:\/\/radiostudiow.com.br\/site\/wp-json\/wp\/v2\/posts\/10327","targetHints":{"allow":["GET"]}}],"collection":[{"href":"https:\/\/radiostudiow.com.br\/site\/wp-json\/wp\/v2\/posts"}],"about":[{"href":"https:\/\/radiostudiow.com.br\/site\/wp-json\/wp\/v2\/types\/post"}],"author":[{"embeddable":true,"href":"https:\/\/radiostudiow.com.br\/site\/wp-json\/wp\/v2\/users\/2"}],"replies":[{"embeddable":true,"href":"https:\/\/radiostudiow.com.br\/site\/wp-json\/wp\/v2\/comments?post=10327"}],"version-history":[{"count":1,"href":"https:\/\/radiostudiow.com.br\/site\/wp-json\/wp\/v2\/posts\/10327\/revisions"}],"predecessor-version":[{"id":10328,"href":"https:\/\/radiostudiow.com.br\/site\/wp-json\/wp\/v2\/posts\/10327\/revisions\/10328"}],"wp:featuredmedia":[{"embeddable":true,"href":"https:\/\/radiostudiow.com.br\/site\/wp-json\/wp\/v2\/media\/9268"}],"wp:attachment":[{"href":"https:\/\/radiostudiow.com.br\/site\/wp-json\/wp\/v2\/media?parent=10327"}],"wp:term":[{"taxonomy":"category","embeddable":true,"href":"https:\/\/radiostudiow.com.br\/site\/wp-json\/wp\/v2\/categories?post=10327"},{"taxonomy":"post_tag","embeddable":true,"href":"https:\/\/radiostudiow.com.br\/site\/wp-json\/wp\/v2\/tags?post=10327"}],"curies":[{"name":"wp","href":"https:\/\/api.w.org\/{rel}","templated":true}]}}