{"id":10348,"date":"2022-12-29T11:36:30","date_gmt":"2022-12-29T14:36:30","guid":{"rendered":"https:\/\/radiostudiow.com.br\/site\/?p=10348"},"modified":"2025-01-31T15:09:44","modified_gmt":"2025-01-31T18:09:44","slug":"homem-de-62-anos-morre-eletrocutado-no-bairro-dos-lima-em-mallet","status":"publish","type":"post","link":"https:\/\/radiostudiow.com.br\/site\/2022\/12\/29\/homem-de-62-anos-morre-eletrocutado-no-bairro-dos-lima-em-mallet\/","title":{"rendered":"HOMEM DE 62 ANOS MORRE ELETROCUTADO NO BAIRRO DOS LIMA EM MALLET"},"content":{"rendered":"\n<p>Infelizmente mais uma trag\u00e9dia tirou a vida de uma pessoa no interior da cidade de Mallet.<\/p>\n\n\n\n<p>O fato foi registrado no Bairro dos Lima pr\u00f3ximo ao Distrito de R\u00edo Claro do Sul, nesta quarta-feira 28 de dezembro.<\/p>\n\n\n\n<figure class=\"wp-block-image size-full\"><img decoding=\"async\" src=\"https:\/\/radiostudiow.com.br\/site\/wp-content\/uploads\/2022\/11\/image-8.png\" alt=\"\" class=\"wp-image-9621\"\/><\/figure>\n\n\n\n<p>Segundo a Pol\u00edcia Militar do Pelot\u00e3o Cabo Abr\u00e3o Kanclarovicz, o investigador da 4\u00aa SDP entrou em contato com a equipe policial para prestar apoio em isolamento de local de morte.<\/p>\n\n\n\n<p>De acordo com testemunhas, um homem teria sido encontrado ca\u00eddo ao solo por um vizinho por volta das 18:00 horas ao lado de uma escada.<\/p>\n\n\n\n<p>Ainda descreve a testemunha que a v\u00edtima estaria instalando um refletor (lumin\u00e1ria) na resid\u00eancia, onde possivelmente veio a se encostar em um fio el\u00e9trico, levando uma descarga el\u00e9trica, vindo a \u00f3bito.<\/p>\n\n\n\n<p>Luiz da Cunha conhecido como &#8220;Luiz\u00e3o&#8221; tinha 62 anos, era morador de Uni\u00e3o da Vit\u00f3ria e possu\u00eda uma propriedade no local.<\/p>\n\n\n\n<p>O Instituto M\u00e9dico Legal (IML) de Uni\u00e3o da Vit\u00f3ria e a Pol\u00edcia Criminal\u00edstica estiveram na resid\u00eancia apurando os fatos e recolhendo o corpo para em seguida ser liberado para os atos f\u00fanebres.<\/p>\n\n\n\n<p>Fotos: D.O.<\/p>\n\n\n\n<figure class=\"wp-block-image size-full\"><img decoding=\"async\" src=\"https:\/\/radiostudiow.com.br\/site\/wp-content\/uploads\/2022\/11\/image-10.png\" alt=\"\" class=\"wp-image-9640\"\/><\/figure>\n\n\n\n<figure class=\"wp-block-gallery has-nested-images columns-default is-cropped wp-block-gallery-1 is-layout-flex wp-block-gallery-is-layout-flex\">\n<figure class=\"wp-block-image size-large\"><img decoding=\"async\" data-id=\"10350\" src=\"https:\/\/radiostudiow.com.br\/site\/wp-content\/uploads\/2022\/12\/5eb877b2-7a19-4fb3-90f6-6943c089c5e72-576x1024.png\" alt=\"\" class=\"wp-image-10350\"\/><\/figure>\n\n\n\n<figure class=\"wp-block-image size-large\"><img decoding=\"async\" data-id=\"10349\" src=\"https:\/\/radiostudiow.com.br\/site\/wp-content\/uploads\/2022\/12\/image-10.png\" alt=\"\" class=\"wp-image-10349\"\/><\/figure>\n<\/figure>\n","protected":false},"excerpt":{"rendered":"<p>Infelizmente mais uma trag\u00e9dia tirou a vida de uma pessoa no interior da cidade de Mallet. O fato foi registrado no Bairro dos Lima pr\u00f3ximo ao Distrito de R\u00edo Claro do Sul, nesta quarta-feira 28 de dezembro. Segundo a Pol\u00edcia Militar do Pelot\u00e3o Cabo Abr\u00e3o Kanclarovicz, o investigador da 4\u00aa SDP entrou em contato com [&hellip;]<\/p>\n","protected":false},"author":2,"featured_media":10351,"comment_status":"open","ping_status":"open","sticky":false,"template":"","format":"standard","meta":{"footnotes":""},"categories":[2],"tags":[172],"class_list":["post-10348","post","type-post","status-publish","format-standard","has-post-thumbnail","hentry","category-policial","tag-featured"],"amp_enabled":true,"_links":{"self":[{"href":"https:\/\/radiostudiow.com.br\/site\/wp-json\/wp\/v2\/posts\/10348","targetHints":{"allow":["GET"]}}],"collection":[{"href":"https:\/\/radiostudiow.com.br\/site\/wp-json\/wp\/v2\/posts"}],"about":[{"href":"https:\/\/radiostudiow.com.br\/site\/wp-json\/wp\/v2\/types\/post"}],"author":[{"embeddable":true,"href":"https:\/\/radiostudiow.com.br\/site\/wp-json\/wp\/v2\/users\/2"}],"replies":[{"embeddable":true,"href":"https:\/\/radiostudiow.com.br\/site\/wp-json\/wp\/v2\/comments?post=10348"}],"version-history":[{"count":2,"href":"https:\/\/radiostudiow.com.br\/site\/wp-json\/wp\/v2\/posts\/10348\/revisions"}],"predecessor-version":[{"id":10354,"href":"https:\/\/radiostudiow.com.br\/site\/wp-json\/wp\/v2\/posts\/10348\/revisions\/10354"}],"wp:featuredmedia":[{"embeddable":true,"href":"https:\/\/radiostudiow.com.br\/site\/wp-json\/wp\/v2\/media\/10351"}],"wp:attachment":[{"href":"https:\/\/radiostudiow.com.br\/site\/wp-json\/wp\/v2\/media?parent=10348"}],"wp:term":[{"taxonomy":"category","embeddable":true,"href":"https:\/\/radiostudiow.com.br\/site\/wp-json\/wp\/v2\/categories?post=10348"},{"taxonomy":"post_tag","embeddable":true,"href":"https:\/\/radiostudiow.com.br\/site\/wp-json\/wp\/v2\/tags?post=10348"}],"curies":[{"name":"wp","href":"https:\/\/api.w.org\/{rel}","templated":true}]}}