{"id":10372,"date":"2022-12-30T10:45:42","date_gmt":"2022-12-30T13:45:42","guid":{"rendered":"https:\/\/radiostudiow.com.br\/site\/?p=10372"},"modified":"2025-01-31T15:09:44","modified_gmt":"2025-01-31T18:09:44","slug":"homem-relata-furto-de-transformador-em-propriedade-rural","status":"publish","type":"post","link":"https:\/\/radiostudiow.com.br\/site\/2022\/12\/30\/homem-relata-furto-de-transformador-em-propriedade-rural\/","title":{"rendered":"Homem relata furto de transformador em propriedade rural"},"content":{"rendered":"\n<p>Um homem compareceu ao Pelot\u00e3o da Pol\u00edcia Militar de Cruz Machado relatando um furto em sua propriedade rural. O caso foi registrado por volta das 09:30 horas dessa quinta-feira (29).<\/p>\n\n\n\n<figure class=\"wp-block-image size-full\"><img decoding=\"async\" src=\"https:\/\/radiostudiow.com.br\/site\/wp-content\/uploads\/2022\/12\/800-2-1.gif\" alt=\"\" class=\"wp-image-10344\"\/><\/figure>\n\n\n\n<p><br>De acordo com o solicitante que reside em Uni\u00e3o da Vit\u00f3ria, tem uma propriedade na \u00e1rea rural da cidade e na sexta-feira, 23 de dezembro, constatou que um dos transformadores foi furtado e somente a caixa dos transformador ficou no ch\u00e3o.<br>A v\u00edtima n\u00e3o soube informar quem seria o poss\u00edvel autor, sendo assim a equipe policial orientou o mesmo quanto aos procedimentos cab\u00edveis.<\/p>\n","protected":false},"excerpt":{"rendered":"<p>Um homem compareceu ao Pelot\u00e3o da Pol\u00edcia Militar de Cruz Machado relatando um furto em sua propriedade rural. O caso foi registrado por volta das 09:30 horas dessa quinta-feira (29). De acordo com o solicitante que reside em Uni\u00e3o da Vit\u00f3ria, tem uma propriedade na \u00e1rea rural da cidade e na sexta-feira, 23 de dezembro, [&hellip;]<\/p>\n","protected":false},"author":2,"featured_media":0,"comment_status":"open","ping_status":"open","sticky":false,"template":"","format":"standard","meta":{"footnotes":""},"categories":[2],"tags":[172],"class_list":["post-10372","post","type-post","status-publish","format-standard","hentry","category-policial","tag-featured"],"amp_enabled":true,"_links":{"self":[{"href":"https:\/\/radiostudiow.com.br\/site\/wp-json\/wp\/v2\/posts\/10372","targetHints":{"allow":["GET"]}}],"collection":[{"href":"https:\/\/radiostudiow.com.br\/site\/wp-json\/wp\/v2\/posts"}],"about":[{"href":"https:\/\/radiostudiow.com.br\/site\/wp-json\/wp\/v2\/types\/post"}],"author":[{"embeddable":true,"href":"https:\/\/radiostudiow.com.br\/site\/wp-json\/wp\/v2\/users\/2"}],"replies":[{"embeddable":true,"href":"https:\/\/radiostudiow.com.br\/site\/wp-json\/wp\/v2\/comments?post=10372"}],"version-history":[{"count":1,"href":"https:\/\/radiostudiow.com.br\/site\/wp-json\/wp\/v2\/posts\/10372\/revisions"}],"predecessor-version":[{"id":10373,"href":"https:\/\/radiostudiow.com.br\/site\/wp-json\/wp\/v2\/posts\/10372\/revisions\/10373"}],"wp:attachment":[{"href":"https:\/\/radiostudiow.com.br\/site\/wp-json\/wp\/v2\/media?parent=10372"}],"wp:term":[{"taxonomy":"category","embeddable":true,"href":"https:\/\/radiostudiow.com.br\/site\/wp-json\/wp\/v2\/categories?post=10372"},{"taxonomy":"post_tag","embeddable":true,"href":"https:\/\/radiostudiow.com.br\/site\/wp-json\/wp\/v2\/tags?post=10372"}],"curies":[{"name":"wp","href":"https:\/\/api.w.org\/{rel}","templated":true}]}}