{"id":10374,"date":"2022-12-30T12:05:21","date_gmt":"2022-12-30T15:05:21","guid":{"rendered":"https:\/\/radiostudiow.com.br\/site\/?p=10374"},"modified":"2025-01-31T15:09:44","modified_gmt":"2025-01-31T18:09:44","slug":"policia-militar-inicia-a-operacao-ano-novo-nas-rodovias-estaduais","status":"publish","type":"post","link":"https:\/\/radiostudiow.com.br\/site\/2022\/12\/30\/policia-militar-inicia-a-operacao-ano-novo-nas-rodovias-estaduais\/","title":{"rendered":"Pol\u00edcia Militar inicia a Opera\u00e7\u00e3o Ano Novo nas rodovias estaduais"},"content":{"rendered":"\n<p>Com a expectativa do aumento de fluxo de pessoas e ve\u00edculos nas rodovias paranaenses a partir desta sexta-feira (30), a Pol\u00edcia Militar, por meio do Batalh\u00e3o de Pol\u00edcia Rodovi\u00e1ria (BPRv), desenvolve a Opera\u00e7\u00e3o Ano-Novo, com refor\u00e7o de policiamento nas rodovias. A a\u00e7\u00e3o encerra \u00e0s 23:59 horas de segunda-feira (02).<\/p>\n\n\n\n<figure class=\"wp-block-image size-full\"><img decoding=\"async\" src=\"https:\/\/radiostudiow.com.br\/site\/wp-content\/uploads\/2022\/11\/image-7.png\" alt=\"\" class=\"wp-image-9553\"\/><\/figure>\n\n\n\n<p>Assim como na opera\u00e7\u00e3o do feriado do Natal, em virtude dos \u00faltimos dois anos de pandemia e tamb\u00e9m o fim dos contratos do ped\u00e1gio, a expectativa \u00e9 que o volume de ve\u00edculos nas rodovias seja maior do que em 2020 e 2021. Por conta disso, o efetivo policial nas rodovias estaduais est\u00e1 refor\u00e7ado.<\/p>\n\n\n\n<p>Mais uma vez, o objetivo principal \u00e9 o de combate \u00e0s infra\u00e7\u00f5es que coloquem em risco a vida dos motoristas, passageiros e pedestres nas rodovias, como o excesso de velocidade e a embriaguez ao volante.<\/p>\n\n\n\n<p>O BPRv tamb\u00e9m desenvolve a\u00e7\u00f5es contra o crime com as equipes de Opera\u00e7\u00f5es com C\u00e3es de Faro. Haver\u00e1 abordagens a autom\u00f3veis, \u00f4nibus intermunicipais e interestaduais para evitar o tr\u00e1fico de drogas, de armas e de produtos contrabandeados.<\/p>\n\n\n\n<p><em>\u201cH\u00e1 uma expectativa muito grande para o aumento do fluxo de ve\u00edculos nas rodovias tanto no sentido ao Interior do Estado, outros estados e ao litoral paranaense. Por isso, refor\u00e7amos o policiamento e promovemos, principalmente, a\u00e7\u00f5es de conscientiza\u00e7\u00e3o dos usu\u00e1rios das rodovias para este per\u00edodo\u201d,<\/em> disse o comandante do BPRv, tenente-coronel Wellenton Joserli Selmer.<\/p>\n\n\n\n<figure class=\"wp-block-image size-full\"><img decoding=\"async\" src=\"https:\/\/radiostudiow.com.br\/site\/wp-content\/uploads\/2022\/12\/PRE-1.jpg\" alt=\"\" class=\"wp-image-10376\"\/><\/figure>\n\n\n\n<p>RECOMENDA\u00c7\u00d5ES \u2013 O BPRv orienta que os motoristas chequem a manuten\u00e7\u00e3o do ve\u00edculo antes de viajar. Freios, pneus, suspens\u00e3o e os far\u00f3is precisam estar em boas condi\u00e7\u00f5es. \u00c9 importante ainda o condutor verificar se o carro est\u00e1 com estepe, macaco e a chave de roda, caso seja necess\u00e1rio fazer a troca de pneu durante a viagem.<\/p>\n\n\n\n<p><em>\u201cO tr\u00e2nsito de ve\u00edculos j\u00e1 estar\u00e1 mais lento por conta das \u00faltimas situa\u00e7\u00f5es envolvendo os deslizamentos, por isso, sair antes de casa, sem pressa, com a manuten\u00e7\u00e3o do ve\u00edculo em dia \u00e9 fundamental para que a viagem seja tranquila para todos\u201d,<\/em> frisou o tenente-coronel.<\/p>\n\n\n\n<figure class=\"wp-block-image size-full\"><img decoding=\"async\" src=\"https:\/\/radiostudiow.com.br\/site\/wp-content\/uploads\/2022\/10\/image-3.png\" alt=\"\" class=\"wp-image-9420\"\/><\/figure>\n\n\n\n<p>Outras orienta\u00e7\u00f5es importantes s\u00e3o o cuidado na dire\u00e7\u00e3o, n\u00e3o manusear celular ou outros dispositivos durante a condu\u00e7\u00e3o do ve\u00edculo, n\u00e3o ultrapassar pela faixa cont\u00ednua, usar as cadeirinhas adequadas para transporte de crian\u00e7as e os dispositivos corretos caso haja o transporte de animais de estima\u00e7\u00e3o.<\/p>\n\n\n\n<p>Caso se depare com alguma situa\u00e7\u00e3o de crime ou sofra um acidente de tr\u00e2nsito, o usu\u00e1rio deve acionar a Pol\u00edcia Militar pelo fone 190 ou diretamente o BPRv pelo fone 198.<\/p>\n\n\n\n<p><em>Fonte: AEN<\/em> \/ <em><a href=\"https:\/\/portalclique.com.br\/\">https:\/\/portalclique.com.br\/<\/a><\/em><\/p>\n","protected":false},"excerpt":{"rendered":"<p>Com a expectativa do aumento de fluxo de pessoas e ve\u00edculos nas rodovias paranaenses a partir desta sexta-feira (30), a Pol\u00edcia Militar, por meio do Batalh\u00e3o de Pol\u00edcia Rodovi\u00e1ria (BPRv), desenvolve a Opera\u00e7\u00e3o Ano-Novo, com refor\u00e7o de policiamento nas rodovias. A a\u00e7\u00e3o encerra \u00e0s 23:59 horas de segunda-feira (02). Assim como na opera\u00e7\u00e3o do feriado [&hellip;]<\/p>\n","protected":false},"author":2,"featured_media":10375,"comment_status":"open","ping_status":"open","sticky":false,"template":"","format":"standard","meta":{"footnotes":""},"categories":[2],"tags":[172],"class_list":["post-10374","post","type-post","status-publish","format-standard","has-post-thumbnail","hentry","category-policial","tag-featured"],"amp_enabled":true,"_links":{"self":[{"href":"https:\/\/radiostudiow.com.br\/site\/wp-json\/wp\/v2\/posts\/10374","targetHints":{"allow":["GET"]}}],"collection":[{"href":"https:\/\/radiostudiow.com.br\/site\/wp-json\/wp\/v2\/posts"}],"about":[{"href":"https:\/\/radiostudiow.com.br\/site\/wp-json\/wp\/v2\/types\/post"}],"author":[{"embeddable":true,"href":"https:\/\/radiostudiow.com.br\/site\/wp-json\/wp\/v2\/users\/2"}],"replies":[{"embeddable":true,"href":"https:\/\/radiostudiow.com.br\/site\/wp-json\/wp\/v2\/comments?post=10374"}],"version-history":[{"count":2,"href":"https:\/\/radiostudiow.com.br\/site\/wp-json\/wp\/v2\/posts\/10374\/revisions"}],"predecessor-version":[{"id":10379,"href":"https:\/\/radiostudiow.com.br\/site\/wp-json\/wp\/v2\/posts\/10374\/revisions\/10379"}],"wp:featuredmedia":[{"embeddable":true,"href":"https:\/\/radiostudiow.com.br\/site\/wp-json\/wp\/v2\/media\/10375"}],"wp:attachment":[{"href":"https:\/\/radiostudiow.com.br\/site\/wp-json\/wp\/v2\/media?parent=10374"}],"wp:term":[{"taxonomy":"category","embeddable":true,"href":"https:\/\/radiostudiow.com.br\/site\/wp-json\/wp\/v2\/categories?post=10374"},{"taxonomy":"post_tag","embeddable":true,"href":"https:\/\/radiostudiow.com.br\/site\/wp-json\/wp\/v2\/tags?post=10374"}],"curies":[{"name":"wp","href":"https:\/\/api.w.org\/{rel}","templated":true}]}}