{"id":10380,"date":"2022-12-30T16:56:53","date_gmt":"2022-12-30T19:56:53","guid":{"rendered":"https:\/\/radiostudiow.com.br\/site\/?p=10380"},"modified":"2025-01-31T15:09:44","modified_gmt":"2025-01-31T18:09:44","slug":"morre-caminhoneiro-que-sofreu-acidente-no-trevo-de-paulo-frontin","status":"publish","type":"post","link":"https:\/\/radiostudiow.com.br\/site\/2022\/12\/30\/morre-caminhoneiro-que-sofreu-acidente-no-trevo-de-paulo-frontin\/","title":{"rendered":"Morre caminhoneiro que sofreu acidente no trevo de Paulo Frontin"},"content":{"rendered":"\n<p>O acidente entre duas carretas foi registrado na por volta das 06:00 horas da manh\u00e3 de sexta-feira, 23 de dezembro, deixando o motorista de um dos caminh\u00f5es gravemente ferido. O \u00f3bito foi confirmado na manh\u00e3 desta sexta-feira, 30 de dezembro, ap\u00f3s o mesmo ter sido socorrido e internado no Hospital Regional. A hip\u00f3tese \u00e9 do ve\u00edculo da frente ter parado para entrar na BR-153 em dire\u00e7\u00e3o a Paulo Frontin e o de tr\u00e1s n\u00e3o conseguir evitar a colis\u00e3o.<\/p>\n\n\n\n<figure class=\"wp-block-image size-full\"><img decoding=\"async\" src=\"https:\/\/radiostudiow.com.br\/site\/wp-content\/uploads\/2022\/10\/image-1.png\" alt=\"\" class=\"wp-image-9418\"\/><\/figure>\n\n\n\n<p>Esse acidente aconteceu no trevo que liga a rodovia BR-476 e a BR-153, dando acesso \u00e0 cidade de Paulo Frontin e seguindo em dire\u00e7\u00e3o a Irati. A colis\u00e3o de uma carreta na traseira de outra destruiu a cabine e atingiu o motorista do caminh\u00e3o de tr\u00e1s. Ali existe uma mureta divis\u00f3ria que \u00e9 obst\u00e1culo para um desvio abrupto e local de outras ocorr\u00eancias, trazendo debates e pol\u00eamicas.<\/p>\n\n\n\n<p>O entendimento de especialistas \u00e9 de que alguns motoristas entram na faixa central sem saber que ali \u00e9 exclusivo para acessar a BR-153. Quando outro ve\u00edculo \u00e0 frente para para fazer a convers\u00e3o, n\u00e3o consegue segurar a tempo de evitar colis\u00f5es. Mesmo levando em conta redutores de velocidade (radar) nas imedia\u00e7\u00f5es.<\/p>\n\n\n\n<p>No caso, esse acidente foi atendido por uma equipe dos Bombeiros Volunt\u00e1rios de Paulo Frontin e um dos motoristas socorrido com ferimentos de gravidade moderada. No caso, Maikon Francisco de Souza, de 39 anos, com familiares de Curitiba, faleceu na manh\u00e3 de hoje, por volta das 6h, uma semana ap\u00f3s o acidente.<\/p>\n\n\n\n<figure class=\"wp-block-image size-full\"><img decoding=\"async\" src=\"https:\/\/radiostudiow.com.br\/site\/wp-content\/uploads\/2022\/09\/image-2.png\" alt=\"\" class=\"wp-image-8966\"\/><\/figure>\n\n\n\n<p><em>Da Reda\u00e7\u00e3o Portal RDX com informa\u00e7\u00f5es Canal 4 TV<\/em><\/p>\n","protected":false},"excerpt":{"rendered":"<p>O acidente entre duas carretas foi registrado na por volta das 06:00 horas da manh\u00e3 de sexta-feira, 23 de dezembro, deixando o motorista de um dos caminh\u00f5es gravemente ferido. O \u00f3bito foi confirmado na manh\u00e3 desta sexta-feira, 30 de dezembro, ap\u00f3s o mesmo ter sido socorrido e internado no Hospital Regional. A hip\u00f3tese \u00e9 do [&hellip;]<\/p>\n","protected":false},"author":2,"featured_media":0,"comment_status":"open","ping_status":"open","sticky":false,"template":"","format":"standard","meta":{"footnotes":""},"categories":[2],"tags":[172],"class_list":["post-10380","post","type-post","status-publish","format-standard","hentry","category-policial","tag-featured"],"amp_enabled":true,"_links":{"self":[{"href":"https:\/\/radiostudiow.com.br\/site\/wp-json\/wp\/v2\/posts\/10380","targetHints":{"allow":["GET"]}}],"collection":[{"href":"https:\/\/radiostudiow.com.br\/site\/wp-json\/wp\/v2\/posts"}],"about":[{"href":"https:\/\/radiostudiow.com.br\/site\/wp-json\/wp\/v2\/types\/post"}],"author":[{"embeddable":true,"href":"https:\/\/radiostudiow.com.br\/site\/wp-json\/wp\/v2\/users\/2"}],"replies":[{"embeddable":true,"href":"https:\/\/radiostudiow.com.br\/site\/wp-json\/wp\/v2\/comments?post=10380"}],"version-history":[{"count":1,"href":"https:\/\/radiostudiow.com.br\/site\/wp-json\/wp\/v2\/posts\/10380\/revisions"}],"predecessor-version":[{"id":10382,"href":"https:\/\/radiostudiow.com.br\/site\/wp-json\/wp\/v2\/posts\/10380\/revisions\/10382"}],"wp:attachment":[{"href":"https:\/\/radiostudiow.com.br\/site\/wp-json\/wp\/v2\/media?parent=10380"}],"wp:term":[{"taxonomy":"category","embeddable":true,"href":"https:\/\/radiostudiow.com.br\/site\/wp-json\/wp\/v2\/categories?post=10380"},{"taxonomy":"post_tag","embeddable":true,"href":"https:\/\/radiostudiow.com.br\/site\/wp-json\/wp\/v2\/tags?post=10380"}],"curies":[{"name":"wp","href":"https:\/\/api.w.org\/{rel}","templated":true}]}}