{"id":10386,"date":"2022-12-31T09:00:47","date_gmt":"2022-12-31T12:00:47","guid":{"rendered":"https:\/\/radiostudiow.com.br\/site\/?p=10386"},"modified":"2025-01-31T15:09:44","modified_gmt":"2025-01-31T18:09:44","slug":"adolescente-morre-e-duas-pessoas-ficam-feridas-em-grave-acidente-em-sao-mateus-do-sul","status":"publish","type":"post","link":"https:\/\/radiostudiow.com.br\/site\/2022\/12\/31\/adolescente-morre-e-duas-pessoas-ficam-feridas-em-grave-acidente-em-sao-mateus-do-sul\/","title":{"rendered":"Adolescente morre e duas pessoas ficam feridas em grave acidente em S\u00e3o Mateus do Sul"},"content":{"rendered":"\n<p>Uma adolescente morreu e outras duas pessoas sofreram ferimentos de leves a moderados, ap\u00f3s se envolverem em um acidente do tipo capotamento por volta das 04:40 horas da madrugada deste s\u00e1bado, 31 de dezembro, na PR-151, Km 442, na \u00c1gua Branca, em S\u00e3o Mateus do Sul.<\/p>\n\n\n\n<p><\/p>\n\n\n\n<p>Segundo informa\u00e7\u00f5es, em um ve\u00edculo Fiat\/Siena estavam tr\u00eas ocupantes, sendo um rapaz de 20 anos que sofreu ferimentos moderados, uma adolescente que sofreu ferimentos leves e a adolescente que acabou entrando em \u00f3bito no local.<\/p>\n\n\n\n<p><em>Tainara Novaki, de 16 anos, natural de S\u00e3o Jo\u00e3o do Triunfo, foi identificada como a v\u00edtima do grave acidente.<\/em><\/p>\n\n\n\n<p><\/p>\n\n\n\n<p>O jovem foi socorrido e encaminhado pelo Corpo de Bombeiros ao Pronto Atendimento Municipal de S\u00e3o Mateus do Sul e a adolescente foi levada por terceiros ao P.A. J\u00e1 a outra adolescente acabou entrando em \u00f3bito no local.<\/p>\n\n\n\n<p>O corpo foi recolhido pelo Instituto M\u00e9dico Legal (IML) de Uni\u00e3o da Vit\u00f3ria.<\/p>\n\n\n\n<p><\/p>\n\n\n\n<p>Fonte: <a href=\"https:\/\/portalrdx.com.br\/\" data-type=\"URL\" data-id=\"https:\/\/portalrdx.com.br\/\">Portal RDX<\/a><\/p>\n","protected":false},"excerpt":{"rendered":"<p>Uma adolescente morreu e outras duas pessoas sofreram ferimentos de leves a moderados, ap\u00f3s se envolverem em um acidente do tipo capotamento por volta das 04:40 horas da madrugada deste s\u00e1bado, 31 de dezembro, na PR-151, Km 442, na \u00c1gua Branca, em S\u00e3o Mateus do Sul. Segundo informa\u00e7\u00f5es, em um ve\u00edculo Fiat\/Siena estavam tr\u00eas ocupantes, [&hellip;]<\/p>\n","protected":false},"author":2,"featured_media":0,"comment_status":"open","ping_status":"open","sticky":false,"template":"","format":"standard","meta":{"footnotes":""},"categories":[2],"tags":[172],"class_list":["post-10386","post","type-post","status-publish","format-standard","hentry","category-policial","tag-featured"],"amp_enabled":true,"_links":{"self":[{"href":"https:\/\/radiostudiow.com.br\/site\/wp-json\/wp\/v2\/posts\/10386","targetHints":{"allow":["GET"]}}],"collection":[{"href":"https:\/\/radiostudiow.com.br\/site\/wp-json\/wp\/v2\/posts"}],"about":[{"href":"https:\/\/radiostudiow.com.br\/site\/wp-json\/wp\/v2\/types\/post"}],"author":[{"embeddable":true,"href":"https:\/\/radiostudiow.com.br\/site\/wp-json\/wp\/v2\/users\/2"}],"replies":[{"embeddable":true,"href":"https:\/\/radiostudiow.com.br\/site\/wp-json\/wp\/v2\/comments?post=10386"}],"version-history":[{"count":2,"href":"https:\/\/radiostudiow.com.br\/site\/wp-json\/wp\/v2\/posts\/10386\/revisions"}],"predecessor-version":[{"id":10390,"href":"https:\/\/radiostudiow.com.br\/site\/wp-json\/wp\/v2\/posts\/10386\/revisions\/10390"}],"wp:attachment":[{"href":"https:\/\/radiostudiow.com.br\/site\/wp-json\/wp\/v2\/media?parent=10386"}],"wp:term":[{"taxonomy":"category","embeddable":true,"href":"https:\/\/radiostudiow.com.br\/site\/wp-json\/wp\/v2\/categories?post=10386"},{"taxonomy":"post_tag","embeddable":true,"href":"https:\/\/radiostudiow.com.br\/site\/wp-json\/wp\/v2\/tags?post=10386"}],"curies":[{"name":"wp","href":"https:\/\/api.w.org\/{rel}","templated":true}]}}