{"id":10393,"date":"2023-01-02T14:50:59","date_gmt":"2023-01-02T17:50:59","guid":{"rendered":"https:\/\/radiostudiow.com.br\/site\/?p=10393"},"modified":"2025-01-31T15:09:44","modified_gmt":"2025-01-31T18:09:44","slug":"sete-pessoas-sao-alvejadas-com-disparo-de-arma-de-fogo-em-sao-mateus-do-sul","status":"publish","type":"post","link":"https:\/\/radiostudiow.com.br\/site\/2023\/01\/02\/sete-pessoas-sao-alvejadas-com-disparo-de-arma-de-fogo-em-sao-mateus-do-sul\/","title":{"rendered":"Sete pessoas s\u00e3o alvejadas com disparo de arma de fogo em S\u00e3o Mateus do Sul"},"content":{"rendered":"\n<p><em>Sete pessoas ficaram feridas ap\u00f3s serem alvejadas com disparos de arma de fogo, no in\u00edcio da madrugada deste domingo, 01 de janeiro, na Vila Bom Jesus em S\u00e3o Mateus do Sul.<\/em><\/p>\n\n\n\n<figure class=\"wp-block-image size-full\"><img decoding=\"async\" src=\"https:\/\/radiostudiow.com.br\/site\/wp-content\/uploads\/2022\/11\/image-10.png\" alt=\"\" class=\"wp-image-9640\"\/><\/figure>\n\n\n\n<p>De acordo com o Corpo de Bombeiros e Samu foram acionados por volta de 00:20 horas para atender a ocorr\u00eancia na Rua Santo Ant\u00f4nio. A v\u00edtima que entro =u em \u00f3bito foi identificada como Jorge Augusto Ferreira Mayer 19 anos, e outras seis pessoas foram alvejadas com disparos de arma de fogo e foram socorridas.<\/p>\n\n\n\n<ul class=\"wp-block-list\">\n<li>Homem de 26 anos, identificado como D.F.L., com ferimentos no quadril, abd\u00f4men e perna direita<\/li>\n\n\n\n<li>Mulher de 30 anos, identificada como E. de L.R., com ferimentos no p\u00e9 esquerdo<\/li>\n\n\n\n<li>Mulher de 64 anos, identificada como J.A.R., com ferimentos na regi\u00e3o do dorso e gl\u00fateo<\/li>\n\n\n\n<li>Homem de 70 anos, identificado como A.C., com ferimento no t\u00f3rax<\/li>\n\n\n\n<li>Homem de 44 anos, identificado como A.A., com ferimento no bra\u00e7o direito<\/li>\n\n\n\n<li>Uma v\u00edtima que fugiu do Pronto Atendimento Municipal e n\u00e3o foi identificada<\/li>\n<\/ul>\n\n\n\n<p>De acordo com o boletim de ocorr\u00eancia, a Pol\u00edcia Militar foi acionada para atender a ocorr\u00eancia, momento em que as equipes chegavam no local e foram abordadas por populares, relatando que dois homens conhecidos na cidade, chegaram na esquina da Rua Santo Ant\u00f4nio, disparando por diversas vezes em dire\u00e7\u00e3o aos populares, que resultou em 6 pessoas feridas.<\/p>\n\n\n\n<figure class=\"wp-block-image size-full\"><img decoding=\"async\" src=\"https:\/\/radiostudiow.com.br\/site\/wp-content\/uploads\/2022\/11\/image-7.png\" alt=\"\" class=\"wp-image-9553\"\/><\/figure>\n\n\n\n<p>Das 6 v\u00edtimas, 5 foram socorridas e encaminhadas por terceiros ao Pronto Atendimento Municipal, e um homem com ferimento no quadril, abd\u00f4men e perna direita, que foi levado pelo SAMU.<\/p>\n\n\n\n<p>J\u00e1 no Pronto Atendimento, a v\u00edtima Jorge Augusto Ferreira Mayer de 19 anos acabou entrando em \u00f3bito. Os demais envolvidos ficaram em observa\u00e7\u00e3o.<\/p>\n\n\n\n<p>A Pol\u00edcia Civil foi acionada para procedimentos cab\u00edveis e a PM est\u00e1 fazendo buscas para localizar os poss\u00edveis autores, por\u00e9m nenhum suspeito foi localizado at\u00e9 o momento.<\/p>\n\n\n\n<p><em>O corpo de Jorge Augusto Ferreira Mayer de 19 anos,<\/em> <em>Est\u00e1 sendo velado no pavilh\u00e3o da igreja da Vila Bom Jesus, com sepultamento \u00e0s 16:00 horas desta segunda-feira (2) no cemit\u00e9rio da Col\u00f4nia, Taquaral.<\/em><\/p>\n","protected":false},"excerpt":{"rendered":"<p>Sete pessoas ficaram feridas ap\u00f3s serem alvejadas com disparos de arma de fogo, no in\u00edcio da madrugada deste domingo, 01 de janeiro, na Vila Bom Jesus em S\u00e3o Mateus do Sul. De acordo com o Corpo de Bombeiros e Samu foram acionados por volta de 00:20 horas para atender a ocorr\u00eancia na Rua Santo Ant\u00f4nio. [&hellip;]<\/p>\n","protected":false},"author":2,"featured_media":0,"comment_status":"open","ping_status":"open","sticky":false,"template":"","format":"standard","meta":{"footnotes":""},"categories":[2],"tags":[172],"class_list":["post-10393","post","type-post","status-publish","format-standard","hentry","category-policial","tag-featured"],"amp_enabled":true,"_links":{"self":[{"href":"https:\/\/radiostudiow.com.br\/site\/wp-json\/wp\/v2\/posts\/10393","targetHints":{"allow":["GET"]}}],"collection":[{"href":"https:\/\/radiostudiow.com.br\/site\/wp-json\/wp\/v2\/posts"}],"about":[{"href":"https:\/\/radiostudiow.com.br\/site\/wp-json\/wp\/v2\/types\/post"}],"author":[{"embeddable":true,"href":"https:\/\/radiostudiow.com.br\/site\/wp-json\/wp\/v2\/users\/2"}],"replies":[{"embeddable":true,"href":"https:\/\/radiostudiow.com.br\/site\/wp-json\/wp\/v2\/comments?post=10393"}],"version-history":[{"count":2,"href":"https:\/\/radiostudiow.com.br\/site\/wp-json\/wp\/v2\/posts\/10393\/revisions"}],"predecessor-version":[{"id":10398,"href":"https:\/\/radiostudiow.com.br\/site\/wp-json\/wp\/v2\/posts\/10393\/revisions\/10398"}],"wp:attachment":[{"href":"https:\/\/radiostudiow.com.br\/site\/wp-json\/wp\/v2\/media?parent=10393"}],"wp:term":[{"taxonomy":"category","embeddable":true,"href":"https:\/\/radiostudiow.com.br\/site\/wp-json\/wp\/v2\/categories?post=10393"},{"taxonomy":"post_tag","embeddable":true,"href":"https:\/\/radiostudiow.com.br\/site\/wp-json\/wp\/v2\/tags?post=10393"}],"curies":[{"name":"wp","href":"https:\/\/api.w.org\/{rel}","templated":true}]}}