{"id":10431,"date":"2023-01-03T12:05:20","date_gmt":"2023-01-03T15:05:20","guid":{"rendered":"https:\/\/radiostudiow.com.br\/site\/?p=10431"},"modified":"2025-01-31T15:09:43","modified_gmt":"2025-01-31T18:09:43","slug":"homem-e-preso-apos-ameacar-familiares-e-desacatar-pm-no-bairro-eldorado","status":"publish","type":"post","link":"https:\/\/radiostudiow.com.br\/site\/2023\/01\/03\/homem-e-preso-apos-ameacar-familiares-e-desacatar-pm-no-bairro-eldorado\/","title":{"rendered":"Homem \u00e9 preso ap\u00f3s amea\u00e7ar familiares e desacatar PM no bairro Eldorado"},"content":{"rendered":"\n<p>Um homem acionou a equipe da Pol\u00edcia Militar ap\u00f3s o seu enteado chegar alterado na resid\u00eancia e come\u00e7ar amea\u00e7ar os familiares nessa segunda-feira (02).<\/p>\n\n\n\n<figure class=\"wp-block-image size-full\"><img decoding=\"async\" src=\"https:\/\/radiostudiow.com.br\/site\/wp-content\/uploads\/2022\/11\/image-10.png\" alt=\"\" class=\"wp-image-9640\"\/><\/figure>\n\n\n\n<p><br>A equipe se deslocou at\u00e9 o local no bairro Eldorado, onde entrou em contato com o solicitante, o qual passou a relatar que seu enteado estava fazendo amea\u00e7as e ofensas contra os familiares.<br>Os policiais abordaram o autor, que desacatou a equipe, diante da situa\u00e7\u00e3o e do interesse de representa\u00e7\u00e3o da v\u00edtima foi dada voz de pris\u00e3o ao autor e encaminhado para 4\u00aa SDP para os procedimentos cab\u00edveis.<\/p>\n\n\n\n<figure class=\"wp-block-image size-full\"><img decoding=\"async\" src=\"https:\/\/radiostudiow.com.br\/site\/wp-content\/uploads\/2022\/11\/image-8.png\" alt=\"\" class=\"wp-image-9621\"\/><\/figure>\n","protected":false},"excerpt":{"rendered":"<p>Um homem acionou a equipe da Pol\u00edcia Militar ap\u00f3s o seu enteado chegar alterado na resid\u00eancia e come\u00e7ar amea\u00e7ar os familiares nessa segunda-feira (02). A equipe se deslocou at\u00e9 o local no bairro Eldorado, onde entrou em contato com o solicitante, o qual passou a relatar que seu enteado estava fazendo amea\u00e7as e ofensas contra [&hellip;]<\/p>\n","protected":false},"author":2,"featured_media":8143,"comment_status":"open","ping_status":"open","sticky":false,"template":"","format":"standard","meta":{"footnotes":""},"categories":[2],"tags":[172],"class_list":["post-10431","post","type-post","status-publish","format-standard","has-post-thumbnail","hentry","category-policial","tag-featured"],"amp_enabled":true,"_links":{"self":[{"href":"https:\/\/radiostudiow.com.br\/site\/wp-json\/wp\/v2\/posts\/10431","targetHints":{"allow":["GET"]}}],"collection":[{"href":"https:\/\/radiostudiow.com.br\/site\/wp-json\/wp\/v2\/posts"}],"about":[{"href":"https:\/\/radiostudiow.com.br\/site\/wp-json\/wp\/v2\/types\/post"}],"author":[{"embeddable":true,"href":"https:\/\/radiostudiow.com.br\/site\/wp-json\/wp\/v2\/users\/2"}],"replies":[{"embeddable":true,"href":"https:\/\/radiostudiow.com.br\/site\/wp-json\/wp\/v2\/comments?post=10431"}],"version-history":[{"count":1,"href":"https:\/\/radiostudiow.com.br\/site\/wp-json\/wp\/v2\/posts\/10431\/revisions"}],"predecessor-version":[{"id":10432,"href":"https:\/\/radiostudiow.com.br\/site\/wp-json\/wp\/v2\/posts\/10431\/revisions\/10432"}],"wp:featuredmedia":[{"embeddable":true,"href":"https:\/\/radiostudiow.com.br\/site\/wp-json\/wp\/v2\/media\/8143"}],"wp:attachment":[{"href":"https:\/\/radiostudiow.com.br\/site\/wp-json\/wp\/v2\/media?parent=10431"}],"wp:term":[{"taxonomy":"category","embeddable":true,"href":"https:\/\/radiostudiow.com.br\/site\/wp-json\/wp\/v2\/categories?post=10431"},{"taxonomy":"post_tag","embeddable":true,"href":"https:\/\/radiostudiow.com.br\/site\/wp-json\/wp\/v2\/tags?post=10431"}],"curies":[{"name":"wp","href":"https:\/\/api.w.org\/{rel}","templated":true}]}}