{"id":10434,"date":"2023-01-03T14:28:07","date_gmt":"2023-01-03T17:28:07","guid":{"rendered":"https:\/\/radiostudiow.com.br\/site\/?p=10434"},"modified":"2025-01-31T15:09:43","modified_gmt":"2025-01-31T18:09:43","slug":"fios-de-cobre-e-ferramentas-sao-furtadas-de-empresa-em-paula-freitas","status":"publish","type":"post","link":"https:\/\/radiostudiow.com.br\/site\/2023\/01\/03\/fios-de-cobre-e-ferramentas-sao-furtadas-de-empresa-em-paula-freitas\/","title":{"rendered":"Fios de cobre e ferramentas s\u00e3o furtadas de empresa em Paula Freitas"},"content":{"rendered":"\n<p>Um homem compareceu ao Pelot\u00e3o da Pol\u00edcia Militar de Paula Freitas por volta das 09:00 horas dessa segunda-feira, 02 de janeiro, relatando uma situa\u00e7\u00e3o de furto.<\/p>\n\n\n\n<figure class=\"wp-block-image size-full\"><img decoding=\"async\" src=\"https:\/\/radiostudiow.com.br\/site\/wp-content\/uploads\/2023\/01\/image-1.png\" alt=\"\" class=\"wp-image-10435\"\/><\/figure>\n\n\n\n<p>De acordo com o solicitante, durante a noite de sexta-feira, 30 de dezembro de 2022, indiv\u00edduos entraram na sua empresa localizado na BR-476 e furtaram fios de cobre e ferramentas.<br>A v\u00edtima disse que os autores entraram pelos fundos com um ve\u00edculo n\u00e3o identificado, por uma estrada que acessa o interior do munic\u00edpio. Ele tamb\u00e9m afirmou que n\u00e3o foi poss\u00edvel identificar os autores.<br>Diante da situa\u00e7\u00e3o, a v\u00edtima foi orientada quanto as provid\u00eancias cab\u00edveis.<\/p>\n\n\n\n<figure class=\"wp-block-image size-full\"><img decoding=\"async\" src=\"https:\/\/radiostudiow.com.br\/site\/wp-content\/uploads\/2023\/01\/image-2.png\" alt=\"\" class=\"wp-image-10436\"\/><\/figure>\n","protected":false},"excerpt":{"rendered":"<p>Um homem compareceu ao Pelot\u00e3o da Pol\u00edcia Militar de Paula Freitas por volta das 09:00 horas dessa segunda-feira, 02 de janeiro, relatando uma situa\u00e7\u00e3o de furto. De acordo com o solicitante, durante a noite de sexta-feira, 30 de dezembro de 2022, indiv\u00edduos entraram na sua empresa localizado na BR-476 e furtaram fios de cobre e [&hellip;]<\/p>\n","protected":false},"author":2,"featured_media":9662,"comment_status":"open","ping_status":"open","sticky":false,"template":"","format":"standard","meta":{"footnotes":""},"categories":[2],"tags":[172],"class_list":["post-10434","post","type-post","status-publish","format-standard","has-post-thumbnail","hentry","category-policial","tag-featured"],"amp_enabled":true,"_links":{"self":[{"href":"https:\/\/radiostudiow.com.br\/site\/wp-json\/wp\/v2\/posts\/10434","targetHints":{"allow":["GET"]}}],"collection":[{"href":"https:\/\/radiostudiow.com.br\/site\/wp-json\/wp\/v2\/posts"}],"about":[{"href":"https:\/\/radiostudiow.com.br\/site\/wp-json\/wp\/v2\/types\/post"}],"author":[{"embeddable":true,"href":"https:\/\/radiostudiow.com.br\/site\/wp-json\/wp\/v2\/users\/2"}],"replies":[{"embeddable":true,"href":"https:\/\/radiostudiow.com.br\/site\/wp-json\/wp\/v2\/comments?post=10434"}],"version-history":[{"count":1,"href":"https:\/\/radiostudiow.com.br\/site\/wp-json\/wp\/v2\/posts\/10434\/revisions"}],"predecessor-version":[{"id":10437,"href":"https:\/\/radiostudiow.com.br\/site\/wp-json\/wp\/v2\/posts\/10434\/revisions\/10437"}],"wp:featuredmedia":[{"embeddable":true,"href":"https:\/\/radiostudiow.com.br\/site\/wp-json\/wp\/v2\/media\/9662"}],"wp:attachment":[{"href":"https:\/\/radiostudiow.com.br\/site\/wp-json\/wp\/v2\/media?parent=10434"}],"wp:term":[{"taxonomy":"category","embeddable":true,"href":"https:\/\/radiostudiow.com.br\/site\/wp-json\/wp\/v2\/categories?post=10434"},{"taxonomy":"post_tag","embeddable":true,"href":"https:\/\/radiostudiow.com.br\/site\/wp-json\/wp\/v2\/tags?post=10434"}],"curies":[{"name":"wp","href":"https:\/\/api.w.org\/{rel}","templated":true}]}}