{"id":10447,"date":"2023-01-04T17:18:45","date_gmt":"2023-01-04T20:18:45","guid":{"rendered":"https:\/\/radiostudiow.com.br\/site\/?p=10447"},"modified":"2025-01-31T15:09:43","modified_gmt":"2025-01-31T18:09:43","slug":"mulher-sofre-ameaca-do-ex-marido-dentro-de-colegio-em-sao-mateus-do-sul","status":"publish","type":"post","link":"https:\/\/radiostudiow.com.br\/site\/2023\/01\/04\/mulher-sofre-ameaca-do-ex-marido-dentro-de-colegio-em-sao-mateus-do-sul\/","title":{"rendered":"Mulher sofre amea\u00e7a do ex-marido dentro de Col\u00e9gio em S\u00e3o Mateus do Sul"},"content":{"rendered":"\n<p>A equipe da Pol\u00edcia Militar de S\u00e3o Mateus do Sul foi acionada para verificar uma situa\u00e7\u00e3o de amea\u00e7a, onde o ex-marido estaria amea\u00e7ando a ex-mulher dentro do Col\u00e9gio, na Vila Palmeirinha por volta das 09:10 horas dessa ter\u00e7a-feira (3).<\/p>\n\n\n\n<figure class=\"wp-block-image size-full\"><img decoding=\"async\" src=\"https:\/\/radiostudiow.com.br\/site\/wp-content\/uploads\/2023\/01\/image-1.png\" alt=\"\" class=\"wp-image-10435\"\/><\/figure>\n\n\n\n<p>A v\u00edtima relatou aos policiais que foi at\u00e9 o Col\u00e9gio buscar o leite de sua filha, juntamente com seu pai, que ficou dentro do carro aguardando. Em determinado momento, o autor, foi at\u00e9 o carro, de posse de uma faca, pegou o celular que estava dentro do ve\u00edculo e disse que se o seu pai reagisse, ele o mataria.<\/p>\n\n\n\n<p>Depois disso, o homem adentrou o p\u00e1tio do Col\u00e9gio, tentou pegar a crian\u00e7a do colo da v\u00edtima, lhe empurrou, e quando ouviu uma das funcion\u00e1rias ligando para a pol\u00edcia fugiu correndo a p\u00e9. A v\u00edtima informou que possui medida protetiva contra o autor.<\/p>\n\n\n\n<p>Diante do exposto, a equipe realizou patrulhamento nas imedia\u00e7\u00f5es, por\u00e9m o homem n\u00e3o foi localizado. Foram feitas as orienta\u00e7\u00f5es a v\u00edtima.<\/p>\n\n\n\n<figure class=\"wp-block-image size-full\"><img decoding=\"async\" src=\"https:\/\/radiostudiow.com.br\/site\/wp-content\/uploads\/2022\/07\/AFUBRE-IRATI.jpg\" alt=\"\" class=\"wp-image-7992\"\/><\/figure>\n","protected":false},"excerpt":{"rendered":"<p>A equipe da Pol\u00edcia Militar de S\u00e3o Mateus do Sul foi acionada para verificar uma situa\u00e7\u00e3o de amea\u00e7a, onde o ex-marido estaria amea\u00e7ando a ex-mulher dentro do Col\u00e9gio, na Vila Palmeirinha por volta das 09:10 horas dessa ter\u00e7a-feira (3). A v\u00edtima relatou aos policiais que foi at\u00e9 o Col\u00e9gio buscar o leite de sua filha, [&hellip;]<\/p>\n","protected":false},"author":2,"featured_media":7904,"comment_status":"open","ping_status":"open","sticky":false,"template":"","format":"standard","meta":{"footnotes":""},"categories":[2],"tags":[172],"class_list":["post-10447","post","type-post","status-publish","format-standard","has-post-thumbnail","hentry","category-policial","tag-featured"],"amp_enabled":true,"_links":{"self":[{"href":"https:\/\/radiostudiow.com.br\/site\/wp-json\/wp\/v2\/posts\/10447","targetHints":{"allow":["GET"]}}],"collection":[{"href":"https:\/\/radiostudiow.com.br\/site\/wp-json\/wp\/v2\/posts"}],"about":[{"href":"https:\/\/radiostudiow.com.br\/site\/wp-json\/wp\/v2\/types\/post"}],"author":[{"embeddable":true,"href":"https:\/\/radiostudiow.com.br\/site\/wp-json\/wp\/v2\/users\/2"}],"replies":[{"embeddable":true,"href":"https:\/\/radiostudiow.com.br\/site\/wp-json\/wp\/v2\/comments?post=10447"}],"version-history":[{"count":2,"href":"https:\/\/radiostudiow.com.br\/site\/wp-json\/wp\/v2\/posts\/10447\/revisions"}],"predecessor-version":[{"id":10455,"href":"https:\/\/radiostudiow.com.br\/site\/wp-json\/wp\/v2\/posts\/10447\/revisions\/10455"}],"wp:featuredmedia":[{"embeddable":true,"href":"https:\/\/radiostudiow.com.br\/site\/wp-json\/wp\/v2\/media\/7904"}],"wp:attachment":[{"href":"https:\/\/radiostudiow.com.br\/site\/wp-json\/wp\/v2\/media?parent=10447"}],"wp:term":[{"taxonomy":"category","embeddable":true,"href":"https:\/\/radiostudiow.com.br\/site\/wp-json\/wp\/v2\/categories?post=10447"},{"taxonomy":"post_tag","embeddable":true,"href":"https:\/\/radiostudiow.com.br\/site\/wp-json\/wp\/v2\/tags?post=10447"}],"curies":[{"name":"wp","href":"https:\/\/api.w.org\/{rel}","templated":true}]}}