{"id":10449,"date":"2023-01-04T14:39:10","date_gmt":"2023-01-04T17:39:10","guid":{"rendered":"https:\/\/radiostudiow.com.br\/site\/?p=10449"},"modified":"2025-01-31T15:09:43","modified_gmt":"2025-01-31T18:09:43","slug":"pm-de-antonio-olinto-e-acionada-apos-encontrarem-um-cao-morto-a-suspeitas-de-maus-tratos-contra-animais","status":"publish","type":"post","link":"https:\/\/radiostudiow.com.br\/site\/2023\/01\/04\/pm-de-antonio-olinto-e-acionada-apos-encontrarem-um-cao-morto-a-suspeitas-de-maus-tratos-contra-animais\/","title":{"rendered":"PM de Ant\u00f4nio Olinto \u00e9 acionada ap\u00f3s encontrarem um c\u00e3o morto. A suspeitas de maus-tratos contra animais"},"content":{"rendered":"\n<p>A Pol\u00edcia Militar de Ant\u00f4nio Olinto foi acionada para comparecer na localidade de Lagoa da Cruz para verificar uma den\u00fancia de maus-tratos. A solicitante relatou que os vizinhos teriam sa\u00eddo para viajar e abandonaram v\u00e1rios c\u00e3es no local na tarde de ter\u00e7a-feira (3).<\/p>\n\n\n\n<figure class=\"wp-block-image size-full\"><img decoding=\"async\" src=\"https:\/\/radiostudiow.com.br\/site\/wp-content\/uploads\/2022\/11\/image-7.png\" alt=\"\" class=\"wp-image-9553\"\/><\/figure>\n\n\n\n<p>A equipe deslocou-se juntamente com a m\u00e9dica veterin\u00e1ria municipal. No local foi constatado que n\u00e3o havia ningu\u00e9m na resid\u00eancia e que haviam quatro c\u00e3es, sendo dois dos c\u00e3es presos dentro de um paiol, outro acorrentado e um estava morto, este n\u00e3o sendo poss\u00edvel verificar a causa da morte pela veterin\u00e1ria no momento.<\/p>\n\n\n\n<p>Ainda no local foi constatado que havia bastante ra\u00e7\u00e3o e \u00e1gua para os c\u00e3es. Colhido informa\u00e7\u00f5es com vizinhos e identificado o propriet\u00e1rio da resid\u00eancia. Os c\u00e3es ficaram ao cuidados da veterin\u00e1ria municipal e de uma vizinha.<\/p>\n\n\n\n<figure class=\"wp-block-image size-full\"><img decoding=\"async\" src=\"https:\/\/radiostudiow.com.br\/site\/wp-content\/uploads\/2022\/10\/image-2.png\" alt=\"\" class=\"wp-image-9419\"\/><\/figure>\n","protected":false},"excerpt":{"rendered":"<p>A Pol\u00edcia Militar de Ant\u00f4nio Olinto foi acionada para comparecer na localidade de Lagoa da Cruz para verificar uma den\u00fancia de maus-tratos. A solicitante relatou que os vizinhos teriam sa\u00eddo para viajar e abandonaram v\u00e1rios c\u00e3es no local na tarde de ter\u00e7a-feira (3). A equipe deslocou-se juntamente com a m\u00e9dica veterin\u00e1ria municipal. No local foi [&hellip;]<\/p>\n","protected":false},"author":2,"featured_media":0,"comment_status":"open","ping_status":"open","sticky":false,"template":"","format":"standard","meta":{"footnotes":""},"categories":[2],"tags":[172],"class_list":["post-10449","post","type-post","status-publish","format-standard","hentry","category-policial","tag-featured"],"amp_enabled":true,"_links":{"self":[{"href":"https:\/\/radiostudiow.com.br\/site\/wp-json\/wp\/v2\/posts\/10449","targetHints":{"allow":["GET"]}}],"collection":[{"href":"https:\/\/radiostudiow.com.br\/site\/wp-json\/wp\/v2\/posts"}],"about":[{"href":"https:\/\/radiostudiow.com.br\/site\/wp-json\/wp\/v2\/types\/post"}],"author":[{"embeddable":true,"href":"https:\/\/radiostudiow.com.br\/site\/wp-json\/wp\/v2\/users\/2"}],"replies":[{"embeddable":true,"href":"https:\/\/radiostudiow.com.br\/site\/wp-json\/wp\/v2\/comments?post=10449"}],"version-history":[{"count":1,"href":"https:\/\/radiostudiow.com.br\/site\/wp-json\/wp\/v2\/posts\/10449\/revisions"}],"predecessor-version":[{"id":10450,"href":"https:\/\/radiostudiow.com.br\/site\/wp-json\/wp\/v2\/posts\/10449\/revisions\/10450"}],"wp:attachment":[{"href":"https:\/\/radiostudiow.com.br\/site\/wp-json\/wp\/v2\/media?parent=10449"}],"wp:term":[{"taxonomy":"category","embeddable":true,"href":"https:\/\/radiostudiow.com.br\/site\/wp-json\/wp\/v2\/categories?post=10449"},{"taxonomy":"post_tag","embeddable":true,"href":"https:\/\/radiostudiow.com.br\/site\/wp-json\/wp\/v2\/tags?post=10449"}],"curies":[{"name":"wp","href":"https:\/\/api.w.org\/{rel}","templated":true}]}}