{"id":10462,"date":"2023-01-04T18:02:36","date_gmt":"2023-01-04T21:02:36","guid":{"rendered":"https:\/\/radiostudiow.com.br\/site\/?p=10462"},"modified":"2025-01-31T15:09:43","modified_gmt":"2025-01-31T18:09:43","slug":"idosa-morre-apos-colisao-entre-caminhao-e-onibus-com-cerca-de-30-passageiros-em-guarapuava","status":"publish","type":"post","link":"https:\/\/radiostudiow.com.br\/site\/2023\/01\/04\/idosa-morre-apos-colisao-entre-caminhao-e-onibus-com-cerca-de-30-passageiros-em-guarapuava\/","title":{"rendered":"Idosa morre ap\u00f3s colis\u00e3o entre caminh\u00e3o e \u00f4nibus com cerca de 30 passageiros em\u00a0Guarapuava"},"content":{"rendered":"\n<p>Uma idosa morreu e outras seis pessoas ficaram feridas em um acidente entre um caminh\u00e3o e um \u00f4nibus na BR-277 em\u00a0Guarapuava, na regi\u00e3o central do Paran\u00e1, nesta quarta-feira (4). <\/p>\n\n\n\n<figure class=\"wp-block-image size-full\"><img decoding=\"async\" src=\"https:\/\/radiostudiow.com.br\/site\/wp-content\/uploads\/2023\/01\/image-1.png\" alt=\"\" class=\"wp-image-10435\"\/><\/figure>\n\n\n\n<p>O ve\u00edculo de viagem estava com cerca de 30 passageiros, segundo a Pol\u00edcia Rodovi\u00e1ria Federal (PRF). Todas as v\u00edtimas estavam no \u00f4nibus, que fazia a linha Brusque (SC) e Ivaipor\u00e3, no norte paranaense. At\u00e9 a publica\u00e7\u00e3o desta reportagem, o n\u00famero exato de passageiros n\u00e3o havia sido confirmado.<\/p>\n\n\n\n<p>De acordo com a PRF, a suspeita \u00e9 que o acidente tenha acontecido depois do \u00f4nibus invadir a pista contr\u00e1ria e bater de frente com o caminh\u00e3o.<\/p>\n\n\n\n<p>O motorista da carreta, carregada com soja, n\u00e3o se feriu. Parte da carga espalhou na pista, e uma limpeza \u00e9 feita no local por agentes do Departamento de Estradas de Rodagem do Paran\u00e1 (DER-PR).<\/p>\n\n\n\n<p>O\u00a0g1\u00a0tenta contato com a Bituruna, empresa respons\u00e1vel pelo \u00f4nibus. No local, o tr\u00e2nsito tem registro de lentid\u00e3o e filas, segundo a PRF.<\/p>\n\n\n\n<figure class=\"wp-block-image size-full\"><img decoding=\"async\" src=\"https:\/\/radiostudiow.com.br\/site\/wp-content\/uploads\/2022\/10\/image-4.png\" alt=\"\" class=\"wp-image-9421\"\/><\/figure>\n\n\n\n<figure class=\"wp-block-image size-full\"><img loading=\"lazy\" decoding=\"async\" width=\"984\" height=\"738\" src=\"https:\/\/radiostudiow.com.br\/site\/wp-content\/uploads\/2023\/01\/whatsapp-image-2023-01-04-at-08.40.22.webp\" alt=\"\" class=\"wp-image-10464\" srcset=\"https:\/\/radiostudiow.com.br\/site\/wp-content\/uploads\/2023\/01\/whatsapp-image-2023-01-04-at-08.40.22.webp 984w, https:\/\/radiostudiow.com.br\/site\/wp-content\/uploads\/2023\/01\/whatsapp-image-2023-01-04-at-08.40.22-300x225.webp 300w, https:\/\/radiostudiow.com.br\/site\/wp-content\/uploads\/2023\/01\/whatsapp-image-2023-01-04-at-08.40.22-768x576.webp 768w\" sizes=\"auto, (max-width: 984px) 100vw, 984px\" \/><figcaption class=\"wp-element-caption\">Foto: Elessandra Amaral\/RPC<\/figcaption><\/figure>\n","protected":false},"excerpt":{"rendered":"<p>Uma idosa morreu e outras seis pessoas ficaram feridas em um acidente entre um caminh\u00e3o e um \u00f4nibus na BR-277 em\u00a0Guarapuava, na regi\u00e3o central do Paran\u00e1, nesta quarta-feira (4). O ve\u00edculo de viagem estava com cerca de 30 passageiros, segundo a Pol\u00edcia Rodovi\u00e1ria Federal (PRF). Todas as v\u00edtimas estavam no \u00f4nibus, que fazia a linha [&hellip;]<\/p>\n","protected":false},"author":2,"featured_media":10463,"comment_status":"open","ping_status":"open","sticky":false,"template":"","format":"standard","meta":{"footnotes":""},"categories":[2],"tags":[172],"class_list":["post-10462","post","type-post","status-publish","format-standard","has-post-thumbnail","hentry","category-policial","tag-featured"],"amp_enabled":true,"_links":{"self":[{"href":"https:\/\/radiostudiow.com.br\/site\/wp-json\/wp\/v2\/posts\/10462","targetHints":{"allow":["GET"]}}],"collection":[{"href":"https:\/\/radiostudiow.com.br\/site\/wp-json\/wp\/v2\/posts"}],"about":[{"href":"https:\/\/radiostudiow.com.br\/site\/wp-json\/wp\/v2\/types\/post"}],"author":[{"embeddable":true,"href":"https:\/\/radiostudiow.com.br\/site\/wp-json\/wp\/v2\/users\/2"}],"replies":[{"embeddable":true,"href":"https:\/\/radiostudiow.com.br\/site\/wp-json\/wp\/v2\/comments?post=10462"}],"version-history":[{"count":1,"href":"https:\/\/radiostudiow.com.br\/site\/wp-json\/wp\/v2\/posts\/10462\/revisions"}],"predecessor-version":[{"id":10465,"href":"https:\/\/radiostudiow.com.br\/site\/wp-json\/wp\/v2\/posts\/10462\/revisions\/10465"}],"wp:featuredmedia":[{"embeddable":true,"href":"https:\/\/radiostudiow.com.br\/site\/wp-json\/wp\/v2\/media\/10463"}],"wp:attachment":[{"href":"https:\/\/radiostudiow.com.br\/site\/wp-json\/wp\/v2\/media?parent=10462"}],"wp:term":[{"taxonomy":"category","embeddable":true,"href":"https:\/\/radiostudiow.com.br\/site\/wp-json\/wp\/v2\/categories?post=10462"},{"taxonomy":"post_tag","embeddable":true,"href":"https:\/\/radiostudiow.com.br\/site\/wp-json\/wp\/v2\/tags?post=10462"}],"curies":[{"name":"wp","href":"https:\/\/api.w.org\/{rel}","templated":true}]}}