{"id":10469,"date":"2023-01-05T10:49:13","date_gmt":"2023-01-05T13:49:13","guid":{"rendered":"https:\/\/radiostudiow.com.br\/site\/?p=10469"},"modified":"2025-01-31T15:09:43","modified_gmt":"2025-01-31T18:09:43","slug":"carros-colidem-e-homem-e-levado-ate-a-delegacia-por-dirigir-embriagado-em-sao-mateus-do-sul","status":"publish","type":"post","link":"https:\/\/radiostudiow.com.br\/site\/2023\/01\/05\/carros-colidem-e-homem-e-levado-ate-a-delegacia-por-dirigir-embriagado-em-sao-mateus-do-sul\/","title":{"rendered":"Carros colidem e homem \u00e9 levado at\u00e9 a delegacia por dirigir embriagado em S\u00e3o Mateus do Sul"},"content":{"rendered":"\n<p>A equipe da Pol\u00edcia Militar de S\u00e3o Mateus do Sul atendeu uma ocorr\u00eancia de acidente de tr\u00e2nsito na Vila Amaral por volta das 17:24 horas dessa quarta-feira (4).<\/p>\n\n\n\n<p>No local foi constatado que dois ve\u00edculos teriam colidido na esquina das vias, onde foram os envolvidos um GM\/Agile e um GM\/Celta. Ao verificar via sistema as documenta\u00e7\u00f5es, os dois condutores estavam com as CNHs v\u00e1lidas.<\/p>\n\n\n\n<figure class=\"wp-block-image size-large\"><img decoding=\"async\" src=\"https:\/\/radiostudiow.com.br\/site\/wp-content\/uploads\/2023\/01\/image-3-1024x392.png\" alt=\"\" class=\"wp-image-10452\"\/><\/figure>\n\n\n\n<p>O GM\/Celta estava com a documenta\u00e7\u00e3o em dia, por\u00e9m o ve\u00edculo GM\/Agile estava com a documenta\u00e7\u00e3o em pend\u00eancias. Desta forma foi acionado o guincho Pol\u00edcia para fazer o recolhimento do ve\u00edculo para o p\u00e1tio da 3\u00aa Companhia da Pol\u00edcia Militar, al\u00e9m de ser notificado nos artigos cab\u00edveis.<\/p>\n\n\n\n<p>Os dois condutores foram convidados a realizar o exame etilom\u00e9trico (baf\u00f4metro), onde ambos realizam prontamente. Foi constatado atrav\u00e9s do teste que um dos condutores estava dirigindo sob a influ\u00eancia de \u00e1lcool, o qual foi encaminhado at\u00e9 a delegacia para as provid\u00eancias cab\u00edveis.<\/p>\n\n\n\n<figure class=\"wp-block-image size-full\"><img decoding=\"async\" src=\"https:\/\/radiostudiow.com.br\/site\/wp-content\/uploads\/2022\/10\/image-2.png\" alt=\"\" class=\"wp-image-9419\"\/><\/figure>\n","protected":false},"excerpt":{"rendered":"<p>A equipe da Pol\u00edcia Militar de S\u00e3o Mateus do Sul atendeu uma ocorr\u00eancia de acidente de tr\u00e2nsito na Vila Amaral por volta das 17:24 horas dessa quarta-feira (4). No local foi constatado que dois ve\u00edculos teriam colidido na esquina das vias, onde foram os envolvidos um GM\/Agile e um GM\/Celta. Ao verificar via sistema as [&hellip;]<\/p>\n","protected":false},"author":2,"featured_media":0,"comment_status":"open","ping_status":"open","sticky":false,"template":"","format":"standard","meta":{"footnotes":""},"categories":[2],"tags":[172],"class_list":["post-10469","post","type-post","status-publish","format-standard","hentry","category-policial","tag-featured"],"amp_enabled":true,"_links":{"self":[{"href":"https:\/\/radiostudiow.com.br\/site\/wp-json\/wp\/v2\/posts\/10469","targetHints":{"allow":["GET"]}}],"collection":[{"href":"https:\/\/radiostudiow.com.br\/site\/wp-json\/wp\/v2\/posts"}],"about":[{"href":"https:\/\/radiostudiow.com.br\/site\/wp-json\/wp\/v2\/types\/post"}],"author":[{"embeddable":true,"href":"https:\/\/radiostudiow.com.br\/site\/wp-json\/wp\/v2\/users\/2"}],"replies":[{"embeddable":true,"href":"https:\/\/radiostudiow.com.br\/site\/wp-json\/wp\/v2\/comments?post=10469"}],"version-history":[{"count":2,"href":"https:\/\/radiostudiow.com.br\/site\/wp-json\/wp\/v2\/posts\/10469\/revisions"}],"predecessor-version":[{"id":10477,"href":"https:\/\/radiostudiow.com.br\/site\/wp-json\/wp\/v2\/posts\/10469\/revisions\/10477"}],"wp:attachment":[{"href":"https:\/\/radiostudiow.com.br\/site\/wp-json\/wp\/v2\/media?parent=10469"}],"wp:term":[{"taxonomy":"category","embeddable":true,"href":"https:\/\/radiostudiow.com.br\/site\/wp-json\/wp\/v2\/categories?post=10469"},{"taxonomy":"post_tag","embeddable":true,"href":"https:\/\/radiostudiow.com.br\/site\/wp-json\/wp\/v2\/tags?post=10469"}],"curies":[{"name":"wp","href":"https:\/\/api.w.org\/{rel}","templated":true}]}}