{"id":10471,"date":"2023-01-05T12:01:27","date_gmt":"2023-01-05T15:01:27","guid":{"rendered":"https:\/\/radiostudiow.com.br\/site\/?p=10471"},"modified":"2025-01-31T15:09:43","modified_gmt":"2025-01-31T18:09:43","slug":"pm-acompanha-homem-embriagado-e-alterado-ate-hospital","status":"publish","type":"post","link":"https:\/\/radiostudiow.com.br\/site\/2023\/01\/05\/pm-acompanha-homem-embriagado-e-alterado-ate-hospital\/","title":{"rendered":"PM acompanha homem embriagado e alterado at\u00e9 hospital"},"content":{"rendered":"\n<p>Pol\u00edcia Militar estava em patrulhamento pela \u00e1rea central de Paula Freitas quando avistou um homem em via p\u00fablica e apresentava estar em surto psic\u00f3tico. A situa\u00e7\u00e3o foi registrada por volta das 20:15 horas dessa quarta-feira (04).<\/p>\n\n\n\n<figure class=\"wp-block-image size-full\"><img decoding=\"async\" src=\"https:\/\/radiostudiow.com.br\/site\/wp-content\/uploads\/2022\/11\/image-10.png\" alt=\"\" class=\"wp-image-9640\"\/><\/figure>\n\n\n\n<p>Ap\u00f3s abordar a equipe contatou que acompanhado do homem estava a sua convivente, a qual relatou que o seu marido estava nesse estado por ter ingerido bebida alco\u00f3lica em excesso e que ele tamb\u00e9m \u00e9 usu\u00e1rio de drogas.<\/p>\n\n\n\n<p>Diante da situa\u00e7\u00e3o a esposa do abordado pediu apoio da equipe na condu\u00e7\u00e3o do homem at\u00e9 o posto de sa\u00fade municipal. No local ele foi conduzido pela ambul\u00e2ncia com acompanhamento da PM at\u00e9 Hospital Regional de Paula Freitas para ser medicado devido o estado em se encontrava.<\/p>\n\n\n\n<p>Diante da situa\u00e7\u00e3o a equipe policial orientou a convivente do homem.<\/p>\n\n\n\n<figure class=\"wp-block-image size-full\"><img decoding=\"async\" src=\"https:\/\/radiostudiow.com.br\/site\/wp-content\/uploads\/2022\/12\/300-1.gif\" alt=\"\" class=\"wp-image-10339\"\/><\/figure>\n","protected":false},"excerpt":{"rendered":"<p>Pol\u00edcia Militar estava em patrulhamento pela \u00e1rea central de Paula Freitas quando avistou um homem em via p\u00fablica e apresentava estar em surto psic\u00f3tico. A situa\u00e7\u00e3o foi registrada por volta das 20:15 horas dessa quarta-feira (04). Ap\u00f3s abordar a equipe contatou que acompanhado do homem estava a sua convivente, a qual relatou que o seu [&hellip;]<\/p>\n","protected":false},"author":2,"featured_media":10154,"comment_status":"open","ping_status":"open","sticky":false,"template":"","format":"standard","meta":{"footnotes":""},"categories":[2],"tags":[172],"class_list":["post-10471","post","type-post","status-publish","format-standard","has-post-thumbnail","hentry","category-policial","tag-featured"],"amp_enabled":true,"_links":{"self":[{"href":"https:\/\/radiostudiow.com.br\/site\/wp-json\/wp\/v2\/posts\/10471","targetHints":{"allow":["GET"]}}],"collection":[{"href":"https:\/\/radiostudiow.com.br\/site\/wp-json\/wp\/v2\/posts"}],"about":[{"href":"https:\/\/radiostudiow.com.br\/site\/wp-json\/wp\/v2\/types\/post"}],"author":[{"embeddable":true,"href":"https:\/\/radiostudiow.com.br\/site\/wp-json\/wp\/v2\/users\/2"}],"replies":[{"embeddable":true,"href":"https:\/\/radiostudiow.com.br\/site\/wp-json\/wp\/v2\/comments?post=10471"}],"version-history":[{"count":2,"href":"https:\/\/radiostudiow.com.br\/site\/wp-json\/wp\/v2\/posts\/10471\/revisions"}],"predecessor-version":[{"id":10481,"href":"https:\/\/radiostudiow.com.br\/site\/wp-json\/wp\/v2\/posts\/10471\/revisions\/10481"}],"wp:featuredmedia":[{"embeddable":true,"href":"https:\/\/radiostudiow.com.br\/site\/wp-json\/wp\/v2\/media\/10154"}],"wp:attachment":[{"href":"https:\/\/radiostudiow.com.br\/site\/wp-json\/wp\/v2\/media?parent=10471"}],"wp:term":[{"taxonomy":"category","embeddable":true,"href":"https:\/\/radiostudiow.com.br\/site\/wp-json\/wp\/v2\/categories?post=10471"},{"taxonomy":"post_tag","embeddable":true,"href":"https:\/\/radiostudiow.com.br\/site\/wp-json\/wp\/v2\/tags?post=10471"}],"curies":[{"name":"wp","href":"https:\/\/api.w.org\/{rel}","templated":true}]}}