{"id":10492,"date":"2023-01-06T10:09:55","date_gmt":"2023-01-06T13:09:55","guid":{"rendered":"https:\/\/radiostudiow.com.br\/site\/?p=10492"},"modified":"2025-01-31T15:09:43","modified_gmt":"2025-01-31T18:09:43","slug":"casa-fica-completamente-destruida-apos-incendio-na-vila-bom-jesus-nesta-madrugada","status":"publish","type":"post","link":"https:\/\/radiostudiow.com.br\/site\/2023\/01\/06\/casa-fica-completamente-destruida-apos-incendio-na-vila-bom-jesus-nesta-madrugada\/","title":{"rendered":"Casa fica completamente destru\u00edda ap\u00f3s inc\u00eandio em S\u00e3o Mateus do Sul"},"content":{"rendered":"\n<p>A equipe do Corpo de Bombeiros de S\u00e3o Mateus do Sul foi acionada durante a madrugada na Rua Santo Ant\u00f4nio, na Vila Bom Jesus, para uma ocorr\u00eancia de inc\u00eandio de resid\u00eancia por volta das 03:00 horas desta sexta-feira (6).<\/p>\n\n\n\n<figure class=\"wp-block-image size-large\"><img decoding=\"async\" src=\"https:\/\/radiostudiow.com.br\/site\/wp-content\/uploads\/2023\/01\/image-3-1024x392.png\" alt=\"\" class=\"wp-image-10452\"\/><\/figure>\n\n\n\n<p>Segundo informa\u00e7\u00f5es dos Bombeiros, o inc\u00eandio aconteceu em duas resid\u00eancias que ficam no mesmo im\u00f3vel sendo que uma ficou completamente destru\u00edda e a outra somente danos no forro.<\/p>\n\n\n\n<p>Informa\u00e7\u00f5es preliminares apontam que a resid\u00eancia incendiada pode ser de um dos envolvidos no\u00a0tiroteio do dia 1\u00ba de\u00a0janeiro de 2023, que acabou atingindo 7 pessoas, sendo que um jovem de 19 anos entrou em \u00f3bito.<\/p>\n\n\n\n<p>Pol\u00edcia Civil investigar\u00e1 o caso e se os crimes t\u00eam envolvimento ou n\u00e3o. Ningu\u00e9m ficou ferido, somente danos materiais.<\/p>\n\n\n\n<figure class=\"wp-block-image size-full\"><img decoding=\"async\" src=\"https:\/\/radiostudiow.com.br\/site\/wp-content\/uploads\/2022\/11\/image-10.png\" alt=\"\" class=\"wp-image-9640\"\/><\/figure>\n\n\n\n<p>Fonte: <a href=\"https:\/\/portalrdx.com.br\/\" data-type=\"URL\" data-id=\"https:\/\/portalrdx.com.br\/\">Portal RDX<\/a><\/p>\n","protected":false},"excerpt":{"rendered":"<p>A equipe do Corpo de Bombeiros de S\u00e3o Mateus do Sul foi acionada durante a madrugada na Rua Santo Ant\u00f4nio, na Vila Bom Jesus, para uma ocorr\u00eancia de inc\u00eandio de resid\u00eancia por volta das 03:00 horas desta sexta-feira (6). Segundo informa\u00e7\u00f5es dos Bombeiros, o inc\u00eandio aconteceu em duas resid\u00eancias que ficam no mesmo im\u00f3vel sendo [&hellip;]<\/p>\n","protected":false},"author":2,"featured_media":10493,"comment_status":"open","ping_status":"open","sticky":false,"template":"","format":"standard","meta":{"footnotes":""},"categories":[2],"tags":[172],"class_list":["post-10492","post","type-post","status-publish","format-standard","has-post-thumbnail","hentry","category-policial","tag-featured"],"amp_enabled":true,"_links":{"self":[{"href":"https:\/\/radiostudiow.com.br\/site\/wp-json\/wp\/v2\/posts\/10492","targetHints":{"allow":["GET"]}}],"collection":[{"href":"https:\/\/radiostudiow.com.br\/site\/wp-json\/wp\/v2\/posts"}],"about":[{"href":"https:\/\/radiostudiow.com.br\/site\/wp-json\/wp\/v2\/types\/post"}],"author":[{"embeddable":true,"href":"https:\/\/radiostudiow.com.br\/site\/wp-json\/wp\/v2\/users\/2"}],"replies":[{"embeddable":true,"href":"https:\/\/radiostudiow.com.br\/site\/wp-json\/wp\/v2\/comments?post=10492"}],"version-history":[{"count":2,"href":"https:\/\/radiostudiow.com.br\/site\/wp-json\/wp\/v2\/posts\/10492\/revisions"}],"predecessor-version":[{"id":10495,"href":"https:\/\/radiostudiow.com.br\/site\/wp-json\/wp\/v2\/posts\/10492\/revisions\/10495"}],"wp:featuredmedia":[{"embeddable":true,"href":"https:\/\/radiostudiow.com.br\/site\/wp-json\/wp\/v2\/media\/10493"}],"wp:attachment":[{"href":"https:\/\/radiostudiow.com.br\/site\/wp-json\/wp\/v2\/media?parent=10492"}],"wp:term":[{"taxonomy":"category","embeddable":true,"href":"https:\/\/radiostudiow.com.br\/site\/wp-json\/wp\/v2\/categories?post=10492"},{"taxonomy":"post_tag","embeddable":true,"href":"https:\/\/radiostudiow.com.br\/site\/wp-json\/wp\/v2\/tags?post=10492"}],"curies":[{"name":"wp","href":"https:\/\/api.w.org\/{rel}","templated":true}]}}