{"id":10510,"date":"2023-01-07T12:28:19","date_gmt":"2023-01-07T15:28:19","guid":{"rendered":"https:\/\/radiostudiow.com.br\/site\/?p=10510"},"modified":"2025-01-31T15:09:43","modified_gmt":"2025-01-31T18:09:43","slug":"trabalhador-morre-apos-ser-atropelado-por-caminhao-na-br-476-em-sao-mateus-do-sul","status":"publish","type":"post","link":"https:\/\/radiostudiow.com.br\/site\/2023\/01\/07\/trabalhador-morre-apos-ser-atropelado-por-caminhao-na-br-476-em-sao-mateus-do-sul\/","title":{"rendered":"Trabalhador morre ap\u00f3s ser atropelado por caminh\u00e3o na BR-476, em S\u00e3o Mateus do Sul"},"content":{"rendered":"\n<p>O Corpo de Bombeiros de S\u00e3o Mateus do Sul e o SAMU foram acionados por volta das 05:45 horas deste s\u00e1bado, 07 de janeiro, para prestarem atendimento a uma ocorr\u00eancia de atropelamento na BR-476, km 286, pr\u00f3ximo ao Posto S\u00e3o Crist\u00f3v\u00e3o.<\/p>\n\n\n\n<p>No local um trabalhador, que estava se preparando para iniciar o trabalho de corte de grama da rodovia, foi atropelado por um caminh\u00e3o com placas de Assis Chateaubriand e morreu na hora.<\/p>\n\n\n\n<figure class=\"wp-block-image size-full\"><img decoding=\"async\" src=\"https:\/\/radiostudiow.com.br\/site\/wp-content\/uploads\/2022\/11\/image-7.png\" alt=\"\" class=\"wp-image-9553\"\/><\/figure>\n\n\n\n<p>Segundo informa\u00e7\u00f5es do portal Clic Sul, o caminh\u00e3o tentou fazer uma ultrapassagem, por\u00e9m ao dar de encontro com outro caminh\u00e3o que seguia no sentido contr\u00e1rio, tirou fora da pista para n\u00e3o colidir, mas acabou atingindo o trabalhador que colocava os equipamentos de seguran\u00e7a para iniciar o trabalho.<\/p>\n\n\n\n<p>A v\u00edtima fatal ainda n\u00e3o teve a identifica\u00e7\u00e3o divulgada oficialmente, mas o que se sabe era morador da Vila Verde em S\u00e3o Mateus do Sul.<\/p>\n\n\n\n<p>O propriet\u00e1rio da empresa de ro\u00e7adas contou que os cones de sinaliza\u00e7\u00e3o e equipamentos de seguran\u00e7a eram colocados na hora do acidente. Disse tamb\u00e9m que est\u00e1 dando todo aux\u00edlio para os familiares do rapaz.<\/p>\n\n\n\n<figure class=\"wp-block-image size-full\"><img decoding=\"async\" src=\"https:\/\/radiostudiow.com.br\/site\/wp-content\/uploads\/2022\/10\/image-3.png\" alt=\"\" class=\"wp-image-9420\"\/><\/figure>\n\n\n\n<p>O caminhoneiro tentou fugir mas foi contido por populares. O motorista precisou ser atendido devido aos ferimentos ocasionados no momento da imobiliza\u00e7\u00e3o.<\/p>\n\n\n\n<p>O IML foi acionado para o recolhimento do corpo e Pol\u00edcia Rodovi\u00e1ria Federal tamb\u00e9m compareceu no local.<\/p>\n\n\n\n<figure class=\"wp-block-image size-full\"><img loading=\"lazy\" decoding=\"async\" width=\"721\" height=\"773\" src=\"https:\/\/radiostudiow.com.br\/site\/wp-content\/uploads\/2023\/01\/WhatsApp-Image-2023-01-07-at-09.23.51-1024x995-3.jpg\" alt=\"\" class=\"wp-image-10512\" srcset=\"https:\/\/radiostudiow.com.br\/site\/wp-content\/uploads\/2023\/01\/WhatsApp-Image-2023-01-07-at-09.23.51-1024x995-3.jpg 721w, https:\/\/radiostudiow.com.br\/site\/wp-content\/uploads\/2023\/01\/WhatsApp-Image-2023-01-07-at-09.23.51-1024x995-3-280x300.jpg 280w, https:\/\/radiostudiow.com.br\/site\/wp-content\/uploads\/2023\/01\/WhatsApp-Image-2023-01-07-at-09.23.51-1024x995-3-560x600.jpg 560w\" sizes=\"auto, (max-width: 721px) 100vw, 721px\" \/><\/figure>\n","protected":false},"excerpt":{"rendered":"<p>O Corpo de Bombeiros de S\u00e3o Mateus do Sul e o SAMU foram acionados por volta das 05:45 horas deste s\u00e1bado, 07 de janeiro, para prestarem atendimento a uma ocorr\u00eancia de atropelamento na BR-476, km 286, pr\u00f3ximo ao Posto S\u00e3o Crist\u00f3v\u00e3o. No local um trabalhador, que estava se preparando para iniciar o trabalho de corte [&hellip;]<\/p>\n","protected":false},"author":2,"featured_media":10511,"comment_status":"open","ping_status":"open","sticky":false,"template":"","format":"standard","meta":{"footnotes":""},"categories":[2],"tags":[172],"class_list":["post-10510","post","type-post","status-publish","format-standard","has-post-thumbnail","hentry","category-policial","tag-featured"],"amp_enabled":true,"_links":{"self":[{"href":"https:\/\/radiostudiow.com.br\/site\/wp-json\/wp\/v2\/posts\/10510","targetHints":{"allow":["GET"]}}],"collection":[{"href":"https:\/\/radiostudiow.com.br\/site\/wp-json\/wp\/v2\/posts"}],"about":[{"href":"https:\/\/radiostudiow.com.br\/site\/wp-json\/wp\/v2\/types\/post"}],"author":[{"embeddable":true,"href":"https:\/\/radiostudiow.com.br\/site\/wp-json\/wp\/v2\/users\/2"}],"replies":[{"embeddable":true,"href":"https:\/\/radiostudiow.com.br\/site\/wp-json\/wp\/v2\/comments?post=10510"}],"version-history":[{"count":1,"href":"https:\/\/radiostudiow.com.br\/site\/wp-json\/wp\/v2\/posts\/10510\/revisions"}],"predecessor-version":[{"id":10513,"href":"https:\/\/radiostudiow.com.br\/site\/wp-json\/wp\/v2\/posts\/10510\/revisions\/10513"}],"wp:featuredmedia":[{"embeddable":true,"href":"https:\/\/radiostudiow.com.br\/site\/wp-json\/wp\/v2\/media\/10511"}],"wp:attachment":[{"href":"https:\/\/radiostudiow.com.br\/site\/wp-json\/wp\/v2\/media?parent=10510"}],"wp:term":[{"taxonomy":"category","embeddable":true,"href":"https:\/\/radiostudiow.com.br\/site\/wp-json\/wp\/v2\/categories?post=10510"},{"taxonomy":"post_tag","embeddable":true,"href":"https:\/\/radiostudiow.com.br\/site\/wp-json\/wp\/v2\/tags?post=10510"}],"curies":[{"name":"wp","href":"https:\/\/api.w.org\/{rel}","templated":true}]}}