{"id":10514,"date":"2023-01-07T12:47:42","date_gmt":"2023-01-07T15:47:42","guid":{"rendered":"https:\/\/radiostudiow.com.br\/site\/?p=10514"},"modified":"2025-01-31T15:09:43","modified_gmt":"2025-01-31T18:09:43","slug":"motociclista-e-roubado-no-interior-de-cruz-machado","status":"publish","type":"post","link":"https:\/\/radiostudiow.com.br\/site\/2023\/01\/07\/motociclista-e-roubado-no-interior-de-cruz-machado\/","title":{"rendered":"Motociclista \u00e9 roubado no interior de Cruz Machado"},"content":{"rendered":"\n<p>Uma situa\u00e7\u00e3o de roubo a m\u00e3o armada foi registrada pela Pol\u00edcia Militar do 27\u00ba Batalh\u00e3o por volta das 07:00 horas na linha Vit\u00f3ria, interior de Cruz Machado nessa sexta-feira (06).<\/p>\n\n\n\n<figure class=\"wp-block-image size-full\"><img decoding=\"async\" src=\"https:\/\/radiostudiow.com.br\/site\/wp-content\/uploads\/2022\/12\/800-2-1.gif\" alt=\"\" class=\"wp-image-10344\"\/><\/figure>\n\n\n\n<p>De acordo com informa\u00e7\u00f5es, um homem seguia com sua motocicleta pela estrada geral quando foi abordado por dois indiv\u00edduos que estavam em outra moto, a qual era bordo e estava sem placas.<\/p>\n\n\n\n<p>Os assaltantes armados com um rev\u00f3lver roubaram da v\u00edtima dois aparelhos celulares, sendo um LG e outro Samsung, al\u00e9m de certa quantia em dinheiro, fugindo na sequ\u00eancia para rumo ignorado.<\/p>\n","protected":false},"excerpt":{"rendered":"<p>Uma situa\u00e7\u00e3o de roubo a m\u00e3o armada foi registrada pela Pol\u00edcia Militar do 27\u00ba Batalh\u00e3o por volta das 07:00 horas na linha Vit\u00f3ria, interior de Cruz Machado nessa sexta-feira (06). De acordo com informa\u00e7\u00f5es, um homem seguia com sua motocicleta pela estrada geral quando foi abordado por dois indiv\u00edduos que estavam em outra moto, a [&hellip;]<\/p>\n","protected":false},"author":2,"featured_media":7607,"comment_status":"open","ping_status":"open","sticky":false,"template":"","format":"standard","meta":{"footnotes":""},"categories":[2],"tags":[172],"class_list":["post-10514","post","type-post","status-publish","format-standard","has-post-thumbnail","hentry","category-policial","tag-featured"],"amp_enabled":true,"_links":{"self":[{"href":"https:\/\/radiostudiow.com.br\/site\/wp-json\/wp\/v2\/posts\/10514","targetHints":{"allow":["GET"]}}],"collection":[{"href":"https:\/\/radiostudiow.com.br\/site\/wp-json\/wp\/v2\/posts"}],"about":[{"href":"https:\/\/radiostudiow.com.br\/site\/wp-json\/wp\/v2\/types\/post"}],"author":[{"embeddable":true,"href":"https:\/\/radiostudiow.com.br\/site\/wp-json\/wp\/v2\/users\/2"}],"replies":[{"embeddable":true,"href":"https:\/\/radiostudiow.com.br\/site\/wp-json\/wp\/v2\/comments?post=10514"}],"version-history":[{"count":1,"href":"https:\/\/radiostudiow.com.br\/site\/wp-json\/wp\/v2\/posts\/10514\/revisions"}],"predecessor-version":[{"id":10515,"href":"https:\/\/radiostudiow.com.br\/site\/wp-json\/wp\/v2\/posts\/10514\/revisions\/10515"}],"wp:featuredmedia":[{"embeddable":true,"href":"https:\/\/radiostudiow.com.br\/site\/wp-json\/wp\/v2\/media\/7607"}],"wp:attachment":[{"href":"https:\/\/radiostudiow.com.br\/site\/wp-json\/wp\/v2\/media?parent=10514"}],"wp:term":[{"taxonomy":"category","embeddable":true,"href":"https:\/\/radiostudiow.com.br\/site\/wp-json\/wp\/v2\/categories?post=10514"},{"taxonomy":"post_tag","embeddable":true,"href":"https:\/\/radiostudiow.com.br\/site\/wp-json\/wp\/v2\/tags?post=10514"}],"curies":[{"name":"wp","href":"https:\/\/api.w.org\/{rel}","templated":true}]}}