{"id":10524,"date":"2023-01-09T11:57:05","date_gmt":"2023-01-09T14:57:05","guid":{"rendered":"https:\/\/radiostudiow.com.br\/site\/?p=10524"},"modified":"2025-01-31T15:09:43","modified_gmt":"2025-01-31T18:09:43","slug":"homem-e-preso-apos-agredir-mae-e-desacatar-pm-no-bairro-jardim-emilia","status":"publish","type":"post","link":"https:\/\/radiostudiow.com.br\/site\/2023\/01\/09\/homem-e-preso-apos-agredir-mae-e-desacatar-pm-no-bairro-jardim-emilia\/","title":{"rendered":"Homem \u00e9 preso ap\u00f3s agredir m\u00e3e e desacatar PM no bairro Jardim Em\u00edlia"},"content":{"rendered":"\n<p>Equipe da Pol\u00edcia Militar de Mallet registrou caso de amea\u00e7a e desacato por volta das 14:30 horas desse s\u00e1bado (07).<\/p>\n\n\n\n<figure class=\"wp-block-image size-full\"><img decoding=\"async\" src=\"https:\/\/radiostudiow.com.br\/site\/wp-content\/uploads\/2022\/11\/image-7.png\" alt=\"\" class=\"wp-image-9553\"\/><\/figure>\n\n\n\n<p>A equipe policial recebeu um solicita\u00e7\u00e3o relatando que havia um homem alterado na sua resid\u00eancia e estava agredindo seus familiares no bairro Jardim Em\u00edlia.<\/p>\n\n\n\n<p>PM de imediato se deslocou at\u00e9 o local e entrou em contato com a solicitante, a qual passou a informar que seu filho teria quebrado alguns objetos e teria virado a mesa com cadeiras em dire\u00e7\u00e3o a ela, vindo a atingi-la com uma cadeira no bra\u00e7o direito. At\u00e9 a chegada da equipe policial o autor j\u00e1 havia sa\u00eddo do local.<\/p>\n\n\n\n<figure class=\"wp-block-image size-full\"><img decoding=\"async\" src=\"https:\/\/radiostudiow.com.br\/site\/wp-content\/uploads\/2022\/07\/image.png\" alt=\"\" class=\"wp-image-8317\"\/><\/figure>\n\n\n\n<p>Diante das informa\u00e7\u00f5es a equipe policial realizou patrulhamento pelas redondezas, localizando o autor, o qual foi abordado e identificado. Durante busca pessoal o autor come\u00e7ou a desacatar os policias com palavras de baixo cal\u00e3o.<\/p>\n\n\n\n<p>Diante da situa\u00e7\u00e3o foi dada voz de pris\u00e3o e retornado at\u00e9 a resid\u00eancia de sua m\u00e3e, diante do interesse de representar, a v\u00edtima e autor foram encaminhados at\u00e9 a 4\u00aa SDP para os procedimentos cab\u00edveis.<\/p>\n","protected":false},"excerpt":{"rendered":"<p>Equipe da Pol\u00edcia Militar de Mallet registrou caso de amea\u00e7a e desacato por volta das 14:30 horas desse s\u00e1bado (07). A equipe policial recebeu um solicita\u00e7\u00e3o relatando que havia um homem alterado na sua resid\u00eancia e estava agredindo seus familiares no bairro Jardim Em\u00edlia. PM de imediato se deslocou at\u00e9 o local e entrou em [&hellip;]<\/p>\n","protected":false},"author":2,"featured_media":7186,"comment_status":"open","ping_status":"open","sticky":false,"template":"","format":"standard","meta":{"footnotes":""},"categories":[2],"tags":[172],"class_list":["post-10524","post","type-post","status-publish","format-standard","has-post-thumbnail","hentry","category-policial","tag-featured"],"amp_enabled":true,"_links":{"self":[{"href":"https:\/\/radiostudiow.com.br\/site\/wp-json\/wp\/v2\/posts\/10524","targetHints":{"allow":["GET"]}}],"collection":[{"href":"https:\/\/radiostudiow.com.br\/site\/wp-json\/wp\/v2\/posts"}],"about":[{"href":"https:\/\/radiostudiow.com.br\/site\/wp-json\/wp\/v2\/types\/post"}],"author":[{"embeddable":true,"href":"https:\/\/radiostudiow.com.br\/site\/wp-json\/wp\/v2\/users\/2"}],"replies":[{"embeddable":true,"href":"https:\/\/radiostudiow.com.br\/site\/wp-json\/wp\/v2\/comments?post=10524"}],"version-history":[{"count":1,"href":"https:\/\/radiostudiow.com.br\/site\/wp-json\/wp\/v2\/posts\/10524\/revisions"}],"predecessor-version":[{"id":10525,"href":"https:\/\/radiostudiow.com.br\/site\/wp-json\/wp\/v2\/posts\/10524\/revisions\/10525"}],"wp:featuredmedia":[{"embeddable":true,"href":"https:\/\/radiostudiow.com.br\/site\/wp-json\/wp\/v2\/media\/7186"}],"wp:attachment":[{"href":"https:\/\/radiostudiow.com.br\/site\/wp-json\/wp\/v2\/media?parent=10524"}],"wp:term":[{"taxonomy":"category","embeddable":true,"href":"https:\/\/radiostudiow.com.br\/site\/wp-json\/wp\/v2\/categories?post=10524"},{"taxonomy":"post_tag","embeddable":true,"href":"https:\/\/radiostudiow.com.br\/site\/wp-json\/wp\/v2\/tags?post=10524"}],"curies":[{"name":"wp","href":"https:\/\/api.w.org\/{rel}","templated":true}]}}