{"id":10526,"date":"2023-01-09T17:02:50","date_gmt":"2023-01-09T20:02:50","guid":{"rendered":"https:\/\/radiostudiow.com.br\/site\/?p=10526"},"modified":"2025-01-31T15:09:42","modified_gmt":"2025-01-31T18:09:42","slug":"pm-de-cruz-machado-e-acionada-apos-descumprimento-de-medida-protetiva","status":"publish","type":"post","link":"https:\/\/radiostudiow.com.br\/site\/2023\/01\/09\/pm-de-cruz-machado-e-acionada-apos-descumprimento-de-medida-protetiva\/","title":{"rendered":"PM de Cruz Machado \u00e9 acionada ap\u00f3s descumprimento de medida protetiva"},"content":{"rendered":"\n<p>A equipe da Pol\u00edcia Militar de Cruz Machado foi solicitada ap\u00f3s descumprimento de medida protetiva entre irm\u00e3os na \u00e1rea rural da cidade.<\/p>\n\n\n\n<figure class=\"wp-block-image size-full\"><img decoding=\"async\" src=\"https:\/\/radiostudiow.com.br\/site\/wp-content\/uploads\/2023\/01\/image-2.png\" alt=\"\" class=\"wp-image-10436\"\/><\/figure>\n\n\n\n<p>Os policiais foram acionados pro volta das 08:50 horas desse s\u00e1bado, 07 de janeiro, aonde solicitante informou que seu pai tem medida protetiva contra dois irm\u00e3os que estariam nas proximidades do local amea\u00e7ando.<\/p>\n\n\n\n<p>A equipe se deslocou at\u00e9 a resid\u00eancia da v\u00edtima e verificou que os autores j\u00e1 n\u00e3o se encontravam mais no local, orientando v\u00edtima quanto aos procedimentos cab\u00edveis.<\/p>\n","protected":false},"excerpt":{"rendered":"<p>A equipe da Pol\u00edcia Militar de Cruz Machado foi solicitada ap\u00f3s descumprimento de medida protetiva entre irm\u00e3os na \u00e1rea rural da cidade. Os policiais foram acionados pro volta das 08:50 horas desse s\u00e1bado, 07 de janeiro, aonde solicitante informou que seu pai tem medida protetiva contra dois irm\u00e3os que estariam nas proximidades do local amea\u00e7ando. [&hellip;]<\/p>\n","protected":false},"author":2,"featured_media":10154,"comment_status":"open","ping_status":"open","sticky":false,"template":"","format":"standard","meta":{"footnotes":""},"categories":[2],"tags":[172],"class_list":["post-10526","post","type-post","status-publish","format-standard","has-post-thumbnail","hentry","category-policial","tag-featured"],"amp_enabled":true,"_links":{"self":[{"href":"https:\/\/radiostudiow.com.br\/site\/wp-json\/wp\/v2\/posts\/10526","targetHints":{"allow":["GET"]}}],"collection":[{"href":"https:\/\/radiostudiow.com.br\/site\/wp-json\/wp\/v2\/posts"}],"about":[{"href":"https:\/\/radiostudiow.com.br\/site\/wp-json\/wp\/v2\/types\/post"}],"author":[{"embeddable":true,"href":"https:\/\/radiostudiow.com.br\/site\/wp-json\/wp\/v2\/users\/2"}],"replies":[{"embeddable":true,"href":"https:\/\/radiostudiow.com.br\/site\/wp-json\/wp\/v2\/comments?post=10526"}],"version-history":[{"count":1,"href":"https:\/\/radiostudiow.com.br\/site\/wp-json\/wp\/v2\/posts\/10526\/revisions"}],"predecessor-version":[{"id":10527,"href":"https:\/\/radiostudiow.com.br\/site\/wp-json\/wp\/v2\/posts\/10526\/revisions\/10527"}],"wp:featuredmedia":[{"embeddable":true,"href":"https:\/\/radiostudiow.com.br\/site\/wp-json\/wp\/v2\/media\/10154"}],"wp:attachment":[{"href":"https:\/\/radiostudiow.com.br\/site\/wp-json\/wp\/v2\/media?parent=10526"}],"wp:term":[{"taxonomy":"category","embeddable":true,"href":"https:\/\/radiostudiow.com.br\/site\/wp-json\/wp\/v2\/categories?post=10526"},{"taxonomy":"post_tag","embeddable":true,"href":"https:\/\/radiostudiow.com.br\/site\/wp-json\/wp\/v2\/tags?post=10526"}],"curies":[{"name":"wp","href":"https:\/\/api.w.org\/{rel}","templated":true}]}}