{"id":10530,"date":"2023-01-09T17:28:11","date_gmt":"2023-01-09T20:28:11","guid":{"rendered":"https:\/\/radiostudiow.com.br\/site\/?p=10530"},"modified":"2025-01-31T15:09:42","modified_gmt":"2025-01-31T18:09:42","slug":"rotam-apreende-cocaina-e-maconha-em-residencia-e-tres-sao-detidos-em-sao-mateus-do-sul","status":"publish","type":"post","link":"https:\/\/radiostudiow.com.br\/site\/2023\/01\/09\/rotam-apreende-cocaina-e-maconha-em-residencia-e-tres-sao-detidos-em-sao-mateus-do-sul\/","title":{"rendered":"Rotam apreende coca\u00edna e maconha em resid\u00eancia e tr\u00eas s\u00e3o detidos em S\u00e3o Mateus do Sul"},"content":{"rendered":"\n<p>A equipe da Rotam de S\u00e3o Mateus do Sul recebeu informa\u00e7\u00e3o de que um homem, o qual possui mandado de pris\u00e3o em aberto na cidade de Teixeira Soares, estaria em uma resid\u00eancia na rua Valentin Gosik, na Vila Prohmann nesse s\u00e1bado (07).<\/p>\n\n\n\n<figure class=\"wp-block-image size-full\"><img decoding=\"async\" src=\"https:\/\/radiostudiow.com.br\/site\/wp-content\/uploads\/2022\/12\/800-2.gif\" alt=\"\" class=\"wp-image-10343\"\/><\/figure>\n\n\n\n<p>No local a equipe encontrou tr\u00eas homens, que foram abordados e identificados, e com eles, nada de il\u00edcito foi encontrado. Ao serem questionados sobre quem era o propriet\u00e1rio, um deles afirmou ser o inquilino.<\/p>\n\n\n\n<p>Na casa, foram encontrados em cima do arm\u00e1rio, uma bucha pl\u00e1stica de cor branca contendo uma certa quantia de coca\u00edna, pesando 3,6 gramas. No local, foi encontrado tamb\u00e9m uma caixa aberta de papel\u00e3o, contendo certa quantia de maconha, pesando 84,50 gramas, que estava sem embalagem, fragmentada em v\u00e1rios peda\u00e7os. Foi encontrado ainda, uma balan\u00e7a, um rolo de pl\u00e1stico filme.<\/p>\n\n\n\n<p>Diante dos fatos, os envolvidos foram encaminhados \u00e0 3\u00aa SDP para provid\u00eancias legais cab\u00edveis.<\/p>\n\n\n\n<figure class=\"wp-block-image size-full\"><img decoding=\"async\" src=\"https:\/\/radiostudiow.com.br\/site\/wp-content\/uploads\/2022\/11\/image-10.png\" alt=\"\" class=\"wp-image-9640\"\/><\/figure>\n","protected":false},"excerpt":{"rendered":"<p>A equipe da Rotam de S\u00e3o Mateus do Sul recebeu informa\u00e7\u00e3o de que um homem, o qual possui mandado de pris\u00e3o em aberto na cidade de Teixeira Soares, estaria em uma resid\u00eancia na rua Valentin Gosik, na Vila Prohmann nesse s\u00e1bado (07). No local a equipe encontrou tr\u00eas homens, que foram abordados e identificados, e [&hellip;]<\/p>\n","protected":false},"author":2,"featured_media":9634,"comment_status":"open","ping_status":"open","sticky":false,"template":"","format":"standard","meta":{"footnotes":""},"categories":[2],"tags":[172],"class_list":["post-10530","post","type-post","status-publish","format-standard","has-post-thumbnail","hentry","category-policial","tag-featured"],"amp_enabled":true,"_links":{"self":[{"href":"https:\/\/radiostudiow.com.br\/site\/wp-json\/wp\/v2\/posts\/10530","targetHints":{"allow":["GET"]}}],"collection":[{"href":"https:\/\/radiostudiow.com.br\/site\/wp-json\/wp\/v2\/posts"}],"about":[{"href":"https:\/\/radiostudiow.com.br\/site\/wp-json\/wp\/v2\/types\/post"}],"author":[{"embeddable":true,"href":"https:\/\/radiostudiow.com.br\/site\/wp-json\/wp\/v2\/users\/2"}],"replies":[{"embeddable":true,"href":"https:\/\/radiostudiow.com.br\/site\/wp-json\/wp\/v2\/comments?post=10530"}],"version-history":[{"count":1,"href":"https:\/\/radiostudiow.com.br\/site\/wp-json\/wp\/v2\/posts\/10530\/revisions"}],"predecessor-version":[{"id":10531,"href":"https:\/\/radiostudiow.com.br\/site\/wp-json\/wp\/v2\/posts\/10530\/revisions\/10531"}],"wp:featuredmedia":[{"embeddable":true,"href":"https:\/\/radiostudiow.com.br\/site\/wp-json\/wp\/v2\/media\/9634"}],"wp:attachment":[{"href":"https:\/\/radiostudiow.com.br\/site\/wp-json\/wp\/v2\/media?parent=10530"}],"wp:term":[{"taxonomy":"category","embeddable":true,"href":"https:\/\/radiostudiow.com.br\/site\/wp-json\/wp\/v2\/categories?post=10530"},{"taxonomy":"post_tag","embeddable":true,"href":"https:\/\/radiostudiow.com.br\/site\/wp-json\/wp\/v2\/tags?post=10530"}],"curies":[{"name":"wp","href":"https:\/\/api.w.org\/{rel}","templated":true}]}}