{"id":10534,"date":"2023-01-10T14:52:43","date_gmt":"2023-01-10T17:52:43","guid":{"rendered":"https:\/\/radiostudiow.com.br\/site\/?p=10534"},"modified":"2025-01-31T15:09:42","modified_gmt":"2025-01-31T18:09:42","slug":"petrobras-reduz-preco-do-gas-natural-em-111","status":"publish","type":"post","link":"https:\/\/radiostudiow.com.br\/site\/2023\/01\/10\/petrobras-reduz-preco-do-gas-natural-em-111\/","title":{"rendered":"Petrobras reduz pre\u00e7o do g\u00e1s natural em 11,1%"},"content":{"rendered":"\n<p>A Petrobras anunciou que vai atualizar o valor do g\u00e1s natural. O pre\u00e7o de venda para as distribuidoras vai cair, em m\u00e9dia, 11,1% por metro c\u00fabico, a partir do dia 1\u00ba de fevereiro, conforme prev\u00ea os contratos de distribui\u00e7\u00e3o por dutos. A redu\u00e7\u00e3o \u00e9 em rela\u00e7\u00e3o ao valor praticado no trimestre novembro-dezembro-janeiro.<img decoding=\"async\" src=\"https:\/\/agenciabrasil.ebc.com.br\/ebc.png?id=1503212&amp;o=node\"><img decoding=\"async\" src=\"https:\/\/agenciabrasil.ebc.com.br\/ebc.gif?id=1503212&amp;o=node\"><\/p>\n\n\n\n<figure class=\"wp-block-image size-full\"><img decoding=\"async\" src=\"https:\/\/radiostudiow.com.br\/site\/wp-content\/uploads\/2022\/11\/image-8.png\" alt=\"\" class=\"wp-image-9621\"\/><\/figure>\n\n\n\n<p>De acordo com a estatal, os contratos preveem atualiza\u00e7\u00f5es trimestrais e vinculam a varia\u00e7\u00e3o do pre\u00e7o do g\u00e1s \u00e0s oscila\u00e7\u00f5es do petr\u00f3leo Brent e da taxa de c\u00e2mbio.<\/p>\n\n\n\n<p>\u201cDurante esse per\u00edodo, o petr\u00f3leo teve queda de 11,9%; e o c\u00e2mbio teve deprecia\u00e7\u00e3o de 0,2% [isto \u00e9, a quantia em reais para se converter em um d\u00f3lar aumentou 0,2%]. Houve ainda, conforme previsto nos contratos celebrados no final de 2021 e com vig\u00eancia de 01\/01\/2022 a 31\/12\/2025, redu\u00e7\u00e3o na f\u00f3rmula de precifica\u00e7\u00e3o que passou de 16,75% do Brent para 14,40% do Brent\u201d, justificou a empresa.<\/p>\n\n\n\n<figure class=\"wp-block-image size-full\"><img decoding=\"async\" src=\"https:\/\/radiostudiow.com.br\/site\/wp-content\/uploads\/2022\/12\/300-2.gif\" alt=\"\" class=\"wp-image-10338\"\/><\/figure>\n\n\n\n<h2 class=\"wp-block-heading\">Pre\u00e7o final<\/h2>\n\n\n\n<p>A redu\u00e7\u00e3o no pre\u00e7o para as distribuidoras, contudo, n\u00e3o significa repasse imediato para o consumidor final.<\/p>\n\n\n\n<p>Segundo a Petrobras, o pre\u00e7o final do g\u00e1s natural depende tamb\u00e9m do portf\u00f3lio de suprimento de cada distribuidora, das margens das empresas e dos postos de revenda, al\u00e9m dos tributos federais e estaduais.<\/p>\n\n\n\n<p>As tarifas ao consumidor tamb\u00e9m dependem de aprova\u00e7\u00e3o pelas ag\u00eancias reguladoras estaduais.<\/p>\n\n\n\n<p>FONTE: <a href=\"https:\/\/g1.globo.com\/\" data-type=\"URL\" data-id=\"https:\/\/g1.globo.com\/\">G1<\/a><\/p>\n","protected":false},"excerpt":{"rendered":"<p>A Petrobras anunciou que vai atualizar o valor do g\u00e1s natural. O pre\u00e7o de venda para as distribuidoras vai cair, em m\u00e9dia, 11,1% por metro c\u00fabico, a partir do dia 1\u00ba de fevereiro, conforme prev\u00ea os contratos de distribui\u00e7\u00e3o por dutos. A redu\u00e7\u00e3o \u00e9 em rela\u00e7\u00e3o ao valor praticado no trimestre novembro-dezembro-janeiro. De acordo com [&hellip;]<\/p>\n","protected":false},"author":2,"featured_media":10538,"comment_status":"open","ping_status":"open","sticky":false,"template":"","format":"standard","meta":{"footnotes":""},"categories":[2],"tags":[172],"class_list":["post-10534","post","type-post","status-publish","format-standard","has-post-thumbnail","hentry","category-policial","tag-featured"],"amp_enabled":true,"_links":{"self":[{"href":"https:\/\/radiostudiow.com.br\/site\/wp-json\/wp\/v2\/posts\/10534","targetHints":{"allow":["GET"]}}],"collection":[{"href":"https:\/\/radiostudiow.com.br\/site\/wp-json\/wp\/v2\/posts"}],"about":[{"href":"https:\/\/radiostudiow.com.br\/site\/wp-json\/wp\/v2\/types\/post"}],"author":[{"embeddable":true,"href":"https:\/\/radiostudiow.com.br\/site\/wp-json\/wp\/v2\/users\/2"}],"replies":[{"embeddable":true,"href":"https:\/\/radiostudiow.com.br\/site\/wp-json\/wp\/v2\/comments?post=10534"}],"version-history":[{"count":3,"href":"https:\/\/radiostudiow.com.br\/site\/wp-json\/wp\/v2\/posts\/10534\/revisions"}],"predecessor-version":[{"id":10540,"href":"https:\/\/radiostudiow.com.br\/site\/wp-json\/wp\/v2\/posts\/10534\/revisions\/10540"}],"wp:featuredmedia":[{"embeddable":true,"href":"https:\/\/radiostudiow.com.br\/site\/wp-json\/wp\/v2\/media\/10538"}],"wp:attachment":[{"href":"https:\/\/radiostudiow.com.br\/site\/wp-json\/wp\/v2\/media?parent=10534"}],"wp:term":[{"taxonomy":"category","embeddable":true,"href":"https:\/\/radiostudiow.com.br\/site\/wp-json\/wp\/v2\/categories?post=10534"},{"taxonomy":"post_tag","embeddable":true,"href":"https:\/\/radiostudiow.com.br\/site\/wp-json\/wp\/v2\/tags?post=10534"}],"curies":[{"name":"wp","href":"https:\/\/api.w.org\/{rel}","templated":true}]}}