{"id":10544,"date":"2023-01-10T17:47:32","date_gmt":"2023-01-10T20:47:32","guid":{"rendered":"https:\/\/radiostudiow.com.br\/site\/?p=10544"},"modified":"2025-01-31T15:09:42","modified_gmt":"2025-01-31T18:09:42","slug":"pm-apreende-moto-adulterada-em-reboucas","status":"publish","type":"post","link":"https:\/\/radiostudiow.com.br\/site\/2023\/01\/10\/pm-apreende-moto-adulterada-em-reboucas\/","title":{"rendered":"PM apreende moto adulterada em Rebou\u00e7as"},"content":{"rendered":"\n<p>Numa blitz de tr\u00e2nsito na Rua Bar\u00e3o do Rio Branco, centro de Rebou\u00e7as, policiais militares abordaram o piloto de uma motocicleta, cor azul, \u00e0s 14:45 horas dessa segunda-feira (9).<\/p>\n\n\n\n<figure class=\"wp-block-image size-full\"><img decoding=\"async\" src=\"https:\/\/radiostudiow.com.br\/site\/wp-content\/uploads\/2022\/10\/image-4.png\" alt=\"\" class=\"wp-image-9421\"\/><\/figure>\n\n\n\n<p>Na verifica\u00e7\u00e3o, a placa \u00e9 de uma moto de outro modelo e de cor vermelha. O ve\u00edculo est\u00e1 adulterado com a numera\u00e7\u00e3o do chassi e do motor suprimidas. Tamb\u00e9m foi levantado no sistema que o condutor n\u00e3o possui carteira nacional de habilita\u00e7\u00e3o.<\/p>\n\n\n\n<p>O piloto e a motocicleta foram entregues na Delegacia de Pol\u00edcia Civil de Rebou\u00e7as para os demais procedimentos.<\/p>\n","protected":false},"excerpt":{"rendered":"<p>Numa blitz de tr\u00e2nsito na Rua Bar\u00e3o do Rio Branco, centro de Rebou\u00e7as, policiais militares abordaram o piloto de uma motocicleta, cor azul, \u00e0s 14:45 horas dessa segunda-feira (9). Na verifica\u00e7\u00e3o, a placa \u00e9 de uma moto de outro modelo e de cor vermelha. O ve\u00edculo est\u00e1 adulterado com a numera\u00e7\u00e3o do chassi e do [&hellip;]<\/p>\n","protected":false},"author":2,"featured_media":9634,"comment_status":"open","ping_status":"open","sticky":false,"template":"","format":"standard","meta":{"footnotes":""},"categories":[2],"tags":[172],"class_list":["post-10544","post","type-post","status-publish","format-standard","has-post-thumbnail","hentry","category-policial","tag-featured"],"amp_enabled":true,"_links":{"self":[{"href":"https:\/\/radiostudiow.com.br\/site\/wp-json\/wp\/v2\/posts\/10544","targetHints":{"allow":["GET"]}}],"collection":[{"href":"https:\/\/radiostudiow.com.br\/site\/wp-json\/wp\/v2\/posts"}],"about":[{"href":"https:\/\/radiostudiow.com.br\/site\/wp-json\/wp\/v2\/types\/post"}],"author":[{"embeddable":true,"href":"https:\/\/radiostudiow.com.br\/site\/wp-json\/wp\/v2\/users\/2"}],"replies":[{"embeddable":true,"href":"https:\/\/radiostudiow.com.br\/site\/wp-json\/wp\/v2\/comments?post=10544"}],"version-history":[{"count":1,"href":"https:\/\/radiostudiow.com.br\/site\/wp-json\/wp\/v2\/posts\/10544\/revisions"}],"predecessor-version":[{"id":10545,"href":"https:\/\/radiostudiow.com.br\/site\/wp-json\/wp\/v2\/posts\/10544\/revisions\/10545"}],"wp:featuredmedia":[{"embeddable":true,"href":"https:\/\/radiostudiow.com.br\/site\/wp-json\/wp\/v2\/media\/9634"}],"wp:attachment":[{"href":"https:\/\/radiostudiow.com.br\/site\/wp-json\/wp\/v2\/media?parent=10544"}],"wp:term":[{"taxonomy":"category","embeddable":true,"href":"https:\/\/radiostudiow.com.br\/site\/wp-json\/wp\/v2\/categories?post=10544"},{"taxonomy":"post_tag","embeddable":true,"href":"https:\/\/radiostudiow.com.br\/site\/wp-json\/wp\/v2\/tags?post=10544"}],"curies":[{"name":"wp","href":"https:\/\/api.w.org\/{rel}","templated":true}]}}