{"id":10546,"date":"2023-01-10T18:10:58","date_gmt":"2023-01-10T21:10:58","guid":{"rendered":"https:\/\/radiostudiow.com.br\/site\/?p=10546"},"modified":"2025-01-31T15:09:42","modified_gmt":"2025-01-31T18:09:42","slug":"homem-foi-ferido-no-ombro-por-disparo-de-arma-de-fogo-em-imbituva","status":"publish","type":"post","link":"https:\/\/radiostudiow.com.br\/site\/2023\/01\/10\/homem-foi-ferido-no-ombro-por-disparo-de-arma-de-fogo-em-imbituva\/","title":{"rendered":"Homem foi ferido no ombro por disparo de arma de fogo em Imbituva"},"content":{"rendered":"\n<p>A Pol\u00edcia Militar, de Imbituva, recebeu a informa\u00e7\u00e3o de que um homem ferido por disparo de arma de fogo estava ca\u00eddo na Rua Delfina Marcelo, no BNH. Quando chegou ao local, o indiv\u00edduo j\u00e1 havia sido socorrido por terceiros e encaminhado ao Pronto Atendimento nesse domingo (08).<\/p>\n\n\n\n<figure class=\"wp-block-image size-full\"><img decoding=\"async\" src=\"https:\/\/radiostudiow.com.br\/site\/wp-content\/uploads\/2022\/10\/image-2.png\" alt=\"\" class=\"wp-image-9419\"\/><\/figure>\n\n\n\n<p>Consciente, a v\u00edtima relatou aos policiais que estava pr\u00f3ximo de um estabelecimento e que em certo momento um amigo seu discutiu com outra pessoa. Quando ambos estavam indo em dire\u00e7\u00e3o seus carros, foi surpreendido pelo disparo de seis tiros em sua dire\u00e7\u00e3o. Um deles atingiu seu ombro esquerdo. O autor fugiu a p\u00e9 pela Avenida Centen\u00e1rio.<\/p>\n\n\n\n<p>Com as informa\u00e7\u00f5es, a Pol\u00edcia Militar buscas, por\u00e9m n\u00e3o encontrou o autor dos tiros. O cidad\u00e3o foi orientado para procurar a Delegacia de Pol\u00edcia Civil para dar continuidade no boletim de ocorr\u00eancia.<\/p>\n","protected":false},"excerpt":{"rendered":"<p>A Pol\u00edcia Militar, de Imbituva, recebeu a informa\u00e7\u00e3o de que um homem ferido por disparo de arma de fogo estava ca\u00eddo na Rua Delfina Marcelo, no BNH. Quando chegou ao local, o indiv\u00edduo j\u00e1 havia sido socorrido por terceiros e encaminhado ao Pronto Atendimento nesse domingo (08). Consciente, a v\u00edtima relatou aos policiais que estava [&hellip;]<\/p>\n","protected":false},"author":2,"featured_media":0,"comment_status":"open","ping_status":"open","sticky":false,"template":"","format":"standard","meta":{"footnotes":""},"categories":[2],"tags":[172],"class_list":["post-10546","post","type-post","status-publish","format-standard","hentry","category-policial","tag-featured"],"amp_enabled":true,"_links":{"self":[{"href":"https:\/\/radiostudiow.com.br\/site\/wp-json\/wp\/v2\/posts\/10546","targetHints":{"allow":["GET"]}}],"collection":[{"href":"https:\/\/radiostudiow.com.br\/site\/wp-json\/wp\/v2\/posts"}],"about":[{"href":"https:\/\/radiostudiow.com.br\/site\/wp-json\/wp\/v2\/types\/post"}],"author":[{"embeddable":true,"href":"https:\/\/radiostudiow.com.br\/site\/wp-json\/wp\/v2\/users\/2"}],"replies":[{"embeddable":true,"href":"https:\/\/radiostudiow.com.br\/site\/wp-json\/wp\/v2\/comments?post=10546"}],"version-history":[{"count":1,"href":"https:\/\/radiostudiow.com.br\/site\/wp-json\/wp\/v2\/posts\/10546\/revisions"}],"predecessor-version":[{"id":10547,"href":"https:\/\/radiostudiow.com.br\/site\/wp-json\/wp\/v2\/posts\/10546\/revisions\/10547"}],"wp:attachment":[{"href":"https:\/\/radiostudiow.com.br\/site\/wp-json\/wp\/v2\/media?parent=10546"}],"wp:term":[{"taxonomy":"category","embeddable":true,"href":"https:\/\/radiostudiow.com.br\/site\/wp-json\/wp\/v2\/categories?post=10546"},{"taxonomy":"post_tag","embeddable":true,"href":"https:\/\/radiostudiow.com.br\/site\/wp-json\/wp\/v2\/tags?post=10546"}],"curies":[{"name":"wp","href":"https:\/\/api.w.org\/{rel}","templated":true}]}}