{"id":10555,"date":"2023-01-11T11:46:22","date_gmt":"2023-01-11T14:46:22","guid":{"rendered":"https:\/\/radiostudiow.com.br\/site\/?p=10555"},"modified":"2025-01-31T15:09:42","modified_gmt":"2025-01-31T18:09:42","slug":"jovem-de-28-anos-e-atendida-pelos-bombeiros-de-sao-mateus-do-sul-apos-capotamento","status":"publish","type":"post","link":"https:\/\/radiostudiow.com.br\/site\/2023\/01\/11\/jovem-de-28-anos-e-atendida-pelos-bombeiros-de-sao-mateus-do-sul-apos-capotamento\/","title":{"rendered":"Jovem de 28 anos \u00e9 atendida pelos Bombeiros de S\u00e3o Mateus do Sul ap\u00f3s capotamento"},"content":{"rendered":"\n<p>Uma jovem de 28 anos foi atendida pela equipe do Corpo de Bombeiros ap\u00f3s capotar o ve\u00edculo Renault Clio que estava dirigindo na estrada rural de Faxinal dos Elias, interior de S\u00e3o Mateus do Sul.<\/p>\n\n\n\n<figure class=\"wp-block-image size-full\"><img decoding=\"async\" src=\"https:\/\/radiostudiow.com.br\/site\/wp-content\/uploads\/2022\/12\/800-2.gif\" alt=\"\" class=\"wp-image-10343\"\/><\/figure>\n\n\n\n<p>O acidente ocorreu por volta das 18; horas dessa ter\u00e7a-feira, 10 de janeiro, a v\u00edtima apresentava diversas escoria\u00e7\u00f5es pelo corpo e dores na regi\u00e3o cervical. A jovem que estava sozinha no ve\u00edculo, foi encaminhada ao Pronto Atendimento Municipal para cuidados m\u00e9dicos.<\/p>\n","protected":false},"excerpt":{"rendered":"<p>Uma jovem de 28 anos foi atendida pela equipe do Corpo de Bombeiros ap\u00f3s capotar o ve\u00edculo Renault Clio que estava dirigindo na estrada rural de Faxinal dos Elias, interior de S\u00e3o Mateus do Sul. O acidente ocorreu por volta das 18; horas dessa ter\u00e7a-feira, 10 de janeiro, a v\u00edtima apresentava diversas escoria\u00e7\u00f5es pelo corpo [&hellip;]<\/p>\n","protected":false},"author":2,"featured_media":10556,"comment_status":"open","ping_status":"open","sticky":false,"template":"","format":"standard","meta":{"footnotes":""},"categories":[2],"tags":[172],"class_list":["post-10555","post","type-post","status-publish","format-standard","has-post-thumbnail","hentry","category-policial","tag-featured"],"amp_enabled":true,"_links":{"self":[{"href":"https:\/\/radiostudiow.com.br\/site\/wp-json\/wp\/v2\/posts\/10555","targetHints":{"allow":["GET"]}}],"collection":[{"href":"https:\/\/radiostudiow.com.br\/site\/wp-json\/wp\/v2\/posts"}],"about":[{"href":"https:\/\/radiostudiow.com.br\/site\/wp-json\/wp\/v2\/types\/post"}],"author":[{"embeddable":true,"href":"https:\/\/radiostudiow.com.br\/site\/wp-json\/wp\/v2\/users\/2"}],"replies":[{"embeddable":true,"href":"https:\/\/radiostudiow.com.br\/site\/wp-json\/wp\/v2\/comments?post=10555"}],"version-history":[{"count":1,"href":"https:\/\/radiostudiow.com.br\/site\/wp-json\/wp\/v2\/posts\/10555\/revisions"}],"predecessor-version":[{"id":10557,"href":"https:\/\/radiostudiow.com.br\/site\/wp-json\/wp\/v2\/posts\/10555\/revisions\/10557"}],"wp:featuredmedia":[{"embeddable":true,"href":"https:\/\/radiostudiow.com.br\/site\/wp-json\/wp\/v2\/media\/10556"}],"wp:attachment":[{"href":"https:\/\/radiostudiow.com.br\/site\/wp-json\/wp\/v2\/media?parent=10555"}],"wp:term":[{"taxonomy":"category","embeddable":true,"href":"https:\/\/radiostudiow.com.br\/site\/wp-json\/wp\/v2\/categories?post=10555"},{"taxonomy":"post_tag","embeddable":true,"href":"https:\/\/radiostudiow.com.br\/site\/wp-json\/wp\/v2\/tags?post=10555"}],"curies":[{"name":"wp","href":"https:\/\/api.w.org\/{rel}","templated":true}]}}