{"id":10558,"date":"2023-01-11T12:00:38","date_gmt":"2023-01-11T15:00:38","guid":{"rendered":"https:\/\/radiostudiow.com.br\/site\/?p=10558"},"modified":"2025-01-31T15:09:42","modified_gmt":"2025-01-31T18:09:42","slug":"motorista-morre-em-grave-acidente-envolve-tres-caminhoes-na-br-476","status":"publish","type":"post","link":"https:\/\/radiostudiow.com.br\/site\/2023\/01\/11\/motorista-morre-em-grave-acidente-envolve-tres-caminhoes-na-br-476\/","title":{"rendered":"Motorista morre em grave acidente envolve tr\u00eas caminh\u00f5es na BR-476"},"content":{"rendered":"\n<p>Um grave acidente envolvendo tr\u00eas caminh\u00f5es foi registrado na BR-476, na altura do quil\u00f4metro 225, entre S\u00e3o Mateus do Sul e Lapa no final da tarde desta ter\u00e7a-feira (10).<\/p>\n\n\n\n<figure class=\"wp-block-image size-large\"><img decoding=\"async\" src=\"https:\/\/radiostudiow.com.br\/site\/wp-content\/uploads\/2023\/01\/image-3-1024x392.png\" alt=\"\" class=\"wp-image-10452\"\/><\/figure>\n\n\n\n<p>O Corpo de Bombeiros da Lapa foi acionado para atender a ocorr\u00eancia e confirmou que uma pessoa acabou entrando em \u00f3bito, o motorista Ricardo Nunes da Silva de 31 anos, natural de Uni\u00e3o da Vit\u00f3ria, estava em um caminh\u00e3o ba\u00fa Iveco, modelo Tector 240 de cor azul, com placas de Porto Uni\u00e3o, que bateu contra outros dois caminh\u00f5es.<\/p>\n\n\n\n<figure class=\"wp-block-image size-full\"><img loading=\"lazy\" decoding=\"async\" width=\"1024\" height=\"449\" src=\"https:\/\/radiostudiow.com.br\/site\/wp-content\/uploads\/2023\/01\/WhatsApp-Image-2023-01-10-at-19.20.22-1-1024x449-1.jpg\" alt=\"\" class=\"wp-image-10562\" srcset=\"https:\/\/radiostudiow.com.br\/site\/wp-content\/uploads\/2023\/01\/WhatsApp-Image-2023-01-10-at-19.20.22-1-1024x449-1.jpg 1024w, https:\/\/radiostudiow.com.br\/site\/wp-content\/uploads\/2023\/01\/WhatsApp-Image-2023-01-10-at-19.20.22-1-1024x449-1-300x132.jpg 300w, https:\/\/radiostudiow.com.br\/site\/wp-content\/uploads\/2023\/01\/WhatsApp-Image-2023-01-10-at-19.20.22-1-1024x449-1-768x337.jpg 768w\" sizes=\"auto, (max-width: 1024px) 100vw, 1024px\" \/><\/figure>\n\n\n\n<p><em>O motorista que trafega entre S\u00e3o Mateus do Sul e Lapa deve redobrar a aten\u00e7\u00e3o.<\/em><\/p>\n\n\n\n<p>O Corpo de Bombeiros da Lapa foi acionado para atender a ocorr\u00eancia e confirmou que uma pessoa acabou entrando em \u00f3bito. O corpo ser\u00e1 recolhido pelo Instituto M\u00e9dico Legal (IML) de Curitiba.<\/p>\n\n\n\n<figure class=\"wp-block-image size-full\"><img decoding=\"async\" src=\"https:\/\/radiostudiow.com.br\/site\/wp-content\/uploads\/2022\/11\/image-10.png\" alt=\"\" class=\"wp-image-9640\"\/><\/figure>\n\n\n\n<figure class=\"wp-block-image size-full\"><img decoding=\"async\" src=\"https:\/\/radiostudiow.com.br\/site\/wp-content\/uploads\/2023\/01\/3.png\" alt=\"\" class=\"wp-image-10560\"\/><\/figure>\n\n\n\n<figure class=\"wp-block-image size-full\"><img decoding=\"async\" src=\"https:\/\/radiostudiow.com.br\/site\/wp-content\/uploads\/2023\/01\/WhatsApp-Image-2023-01-10-at-21.53.39-781x1024-1.jpg\" alt=\"\" class=\"wp-image-10561\"\/><\/figure>\n","protected":false},"excerpt":{"rendered":"<p>Um grave acidente envolvendo tr\u00eas caminh\u00f5es foi registrado na BR-476, na altura do quil\u00f4metro 225, entre S\u00e3o Mateus do Sul e Lapa no final da tarde desta ter\u00e7a-feira (10). O Corpo de Bombeiros da Lapa foi acionado para atender a ocorr\u00eancia e confirmou que uma pessoa acabou entrando em \u00f3bito, o motorista Ricardo Nunes da [&hellip;]<\/p>\n","protected":false},"author":2,"featured_media":10559,"comment_status":"open","ping_status":"open","sticky":false,"template":"","format":"standard","meta":{"footnotes":""},"categories":[2],"tags":[172],"class_list":["post-10558","post","type-post","status-publish","format-standard","has-post-thumbnail","hentry","category-policial","tag-featured"],"amp_enabled":true,"_links":{"self":[{"href":"https:\/\/radiostudiow.com.br\/site\/wp-json\/wp\/v2\/posts\/10558","targetHints":{"allow":["GET"]}}],"collection":[{"href":"https:\/\/radiostudiow.com.br\/site\/wp-json\/wp\/v2\/posts"}],"about":[{"href":"https:\/\/radiostudiow.com.br\/site\/wp-json\/wp\/v2\/types\/post"}],"author":[{"embeddable":true,"href":"https:\/\/radiostudiow.com.br\/site\/wp-json\/wp\/v2\/users\/2"}],"replies":[{"embeddable":true,"href":"https:\/\/radiostudiow.com.br\/site\/wp-json\/wp\/v2\/comments?post=10558"}],"version-history":[{"count":1,"href":"https:\/\/radiostudiow.com.br\/site\/wp-json\/wp\/v2\/posts\/10558\/revisions"}],"predecessor-version":[{"id":10563,"href":"https:\/\/radiostudiow.com.br\/site\/wp-json\/wp\/v2\/posts\/10558\/revisions\/10563"}],"wp:featuredmedia":[{"embeddable":true,"href":"https:\/\/radiostudiow.com.br\/site\/wp-json\/wp\/v2\/media\/10559"}],"wp:attachment":[{"href":"https:\/\/radiostudiow.com.br\/site\/wp-json\/wp\/v2\/media?parent=10558"}],"wp:term":[{"taxonomy":"category","embeddable":true,"href":"https:\/\/radiostudiow.com.br\/site\/wp-json\/wp\/v2\/categories?post=10558"},{"taxonomy":"post_tag","embeddable":true,"href":"https:\/\/radiostudiow.com.br\/site\/wp-json\/wp\/v2\/tags?post=10558"}],"curies":[{"name":"wp","href":"https:\/\/api.w.org\/{rel}","templated":true}]}}