{"id":10566,"date":"2023-01-11T17:52:44","date_gmt":"2023-01-11T20:52:44","guid":{"rendered":"https:\/\/radiostudiow.com.br\/site\/?p=10566"},"modified":"2025-01-31T15:09:42","modified_gmt":"2025-01-31T18:09:42","slug":"suspeito-de-homicidio-e-preso-pela-pc-na-area-rural-de-ivai","status":"publish","type":"post","link":"https:\/\/radiostudiow.com.br\/site\/2023\/01\/11\/suspeito-de-homicidio-e-preso-pela-pc-na-area-rural-de-ivai\/","title":{"rendered":"Suspeito de homic\u00eddio \u00e9 preso pela PC na \u00e1rea rural de Iva\u00ed"},"content":{"rendered":"\n<p>A Pol\u00edcia Civil do Paran\u00e1, por interm\u00e9dio da Delegacia de Imbituva prendeu no in\u00edcio da tarde dessa ter\u00e7a-feira, 10 de janeiro, na regi\u00e3o de S\u00e3o Roque, pertencente a Iva\u00ed, um homem de 23 anos, pela pr\u00e1tica de homic\u00eddio qualificado por motivo f\u00fatil e oculta\u00e7\u00e3o de cad\u00e1ver, crime cometido contra o idoso Campolim Barbosa (64 anos), conhecido como \u201cCampos\u201d. Os fatos foram praticados na localidade de Ajudante Coutinho.<\/p>\n\n\n\n<figure class=\"wp-block-image size-full\"><img decoding=\"async\" src=\"https:\/\/radiostudiow.com.br\/site\/wp-content\/uploads\/2022\/11\/image-8.png\" alt=\"\" class=\"wp-image-9621\"\/><\/figure>\n\n\n\n<p>As investiga\u00e7\u00f5es apontam que o motivo da morte foi o ci\u00fame que o suspeito passou a nutrir em rela\u00e7\u00e3o \u00e0 v\u00edtima, pois h\u00e1 aproximadamente duas semanas, come\u00e7ou a se relacionar com uma adolescente de 15 anos de idade e, segundo declara\u00e7\u00e3o do pr\u00f3prio autor, a v\u00edtima ficava olhando demais para a jovem.<\/p>\n\n\n\n<p>Esse fato gerou uma discuss\u00e3o entre os dois e evoluiu para uma luta corporal. Durante a briga, o suspeito derrubou a v\u00edtima e o golpeou violentamente na regi\u00e3o craniana, desferindo v\u00e1rios golpes. Ap\u00f3s ter cometido o ato brutal, levou a v\u00edtima para sua pr\u00f3pria resid\u00eancia e a deixou desacordada em uma cama, coberta com um len\u00e7ol.<\/p>\n\n\n\n<figure class=\"wp-block-image size-full\"><img decoding=\"async\" src=\"https:\/\/radiostudiow.com.br\/site\/wp-content\/uploads\/2022\/10\/image-2.png\" alt=\"\" class=\"wp-image-9419\"\/><\/figure>\n\n\n\n<p>Tentando apagar provas, o autor danificou uma c\u00e2mera da Prefeitura em um poste, para se esquivar de eventual responsabilidade.<\/p>\n\n\n\n<p>Por fim, logo ap\u00f3s as agress\u00f5es que resultaram na morte da v\u00edtima, o autor fugiu do local dos fatos (Ajudante Coutinho) e foi para cidade de Iva\u00ed.<\/p>\n\n\n\n<p>Logo que a Pol\u00edcia Civil de Imbituva tomou conhecimento dos fatos, a autoridade policial determinou a equipe de investiga\u00e7\u00e3o que se deslocasse at\u00e9 o local. L\u00e1, os policiais reuniram informa\u00e7\u00f5es sobre a autoria e, de forma ininterrupta trabalharam para prender o suspeito, que foi autuado em flagrante.<\/p>\n\n\n\n<p>Com informa\u00e7\u00f5es do delegado Thiago Andrade \u2013 Pol\u00edcia Civil de Imbituva<\/p>\n\n\n\n<p>Fonte: <a href=\"https:\/\/portalclique.com.br\/\" data-type=\"URL\" data-id=\"https:\/\/portalclique.com.br\/\">Portal Clique<\/a><\/p>\n","protected":false},"excerpt":{"rendered":"<p>A Pol\u00edcia Civil do Paran\u00e1, por interm\u00e9dio da Delegacia de Imbituva prendeu no in\u00edcio da tarde dessa ter\u00e7a-feira, 10 de janeiro, na regi\u00e3o de S\u00e3o Roque, pertencente a Iva\u00ed, um homem de 23 anos, pela pr\u00e1tica de homic\u00eddio qualificado por motivo f\u00fatil e oculta\u00e7\u00e3o de cad\u00e1ver, crime cometido contra o idoso Campolim Barbosa (64 anos), [&hellip;]<\/p>\n","protected":false},"author":2,"featured_media":6889,"comment_status":"open","ping_status":"open","sticky":false,"template":"","format":"standard","meta":{"footnotes":""},"categories":[2],"tags":[172],"class_list":["post-10566","post","type-post","status-publish","format-standard","has-post-thumbnail","hentry","category-policial","tag-featured"],"amp_enabled":true,"_links":{"self":[{"href":"https:\/\/radiostudiow.com.br\/site\/wp-json\/wp\/v2\/posts\/10566","targetHints":{"allow":["GET"]}}],"collection":[{"href":"https:\/\/radiostudiow.com.br\/site\/wp-json\/wp\/v2\/posts"}],"about":[{"href":"https:\/\/radiostudiow.com.br\/site\/wp-json\/wp\/v2\/types\/post"}],"author":[{"embeddable":true,"href":"https:\/\/radiostudiow.com.br\/site\/wp-json\/wp\/v2\/users\/2"}],"replies":[{"embeddable":true,"href":"https:\/\/radiostudiow.com.br\/site\/wp-json\/wp\/v2\/comments?post=10566"}],"version-history":[{"count":1,"href":"https:\/\/radiostudiow.com.br\/site\/wp-json\/wp\/v2\/posts\/10566\/revisions"}],"predecessor-version":[{"id":10567,"href":"https:\/\/radiostudiow.com.br\/site\/wp-json\/wp\/v2\/posts\/10566\/revisions\/10567"}],"wp:featuredmedia":[{"embeddable":true,"href":"https:\/\/radiostudiow.com.br\/site\/wp-json\/wp\/v2\/media\/6889"}],"wp:attachment":[{"href":"https:\/\/radiostudiow.com.br\/site\/wp-json\/wp\/v2\/media?parent=10566"}],"wp:term":[{"taxonomy":"category","embeddable":true,"href":"https:\/\/radiostudiow.com.br\/site\/wp-json\/wp\/v2\/categories?post=10566"},{"taxonomy":"post_tag","embeddable":true,"href":"https:\/\/radiostudiow.com.br\/site\/wp-json\/wp\/v2\/tags?post=10566"}],"curies":[{"name":"wp","href":"https:\/\/api.w.org\/{rel}","templated":true}]}}