{"id":10578,"date":"2023-01-12T11:53:53","date_gmt":"2023-01-12T14:53:53","guid":{"rendered":"https:\/\/radiostudiow.com.br\/site\/?p=10578"},"modified":"2025-01-31T15:09:42","modified_gmt":"2025-01-31T18:09:42","slug":"homem-quebra-monitores-e-impressora-do-hospital-em-rio-azul","status":"publish","type":"post","link":"https:\/\/radiostudiow.com.br\/site\/2023\/01\/12\/homem-quebra-monitores-e-impressora-do-hospital-em-rio-azul\/","title":{"rendered":"Homem quebra monitores e impressora do Hospital em Rio Azul"},"content":{"rendered":"\n<p>A Pol\u00edcia Militar de Rio Azul precisou conter um indiv\u00edduo, que estava transtornado e quebrou monitores de computadores e impressora na recep\u00e7\u00e3o do Hospital de Caridade S\u00e3o Francisco de Assis de Rio Azul na noite dessa ter\u00e7a-feira (10).<\/p>\n\n\n\n<figure class=\"wp-block-image size-full\"><img decoding=\"async\" src=\"https:\/\/radiostudiow.com.br\/site\/wp-content\/uploads\/2022\/11\/image-8.png\" alt=\"\" class=\"wp-image-9621\"\/><\/figure>\n\n\n\n<p>Conforme as informa\u00e7\u00f5es contidas no boletim o homem desembarcou de uma motocicleta e com o capacete bateu nas portas na tentativa de entrar no estabelecimento.<\/p>\n\n\n\n<p>Quando chegaram ao local, os policiais militares visualizaram o homem quebrando tr\u00eas monitores e uma impressora, instalados na sala de entrada do hospital.<\/p>\n\n\n\n<p>Para conte-lo foi necess\u00e1rio o uso de for\u00e7a. Ap\u00f3s os procedimentos, o homem, foi conduzido para a Delegacia de Pol\u00edcia Civil de Irati. N\u00e3o foram fornecidas informa\u00e7\u00f5es sobre a motiva\u00e7\u00e3o do crime.<\/p>\n","protected":false},"excerpt":{"rendered":"<p>A Pol\u00edcia Militar de Rio Azul precisou conter um indiv\u00edduo, que estava transtornado e quebrou monitores de computadores e impressora na recep\u00e7\u00e3o do Hospital de Caridade S\u00e3o Francisco de Assis de Rio Azul na noite dessa ter\u00e7a-feira (10). Conforme as informa\u00e7\u00f5es contidas no boletim o homem desembarcou de uma motocicleta e com o capacete bateu [&hellip;]<\/p>\n","protected":false},"author":2,"featured_media":0,"comment_status":"open","ping_status":"open","sticky":false,"template":"","format":"standard","meta":{"footnotes":""},"categories":[2],"tags":[172],"class_list":["post-10578","post","type-post","status-publish","format-standard","hentry","category-policial","tag-featured"],"amp_enabled":true,"_links":{"self":[{"href":"https:\/\/radiostudiow.com.br\/site\/wp-json\/wp\/v2\/posts\/10578","targetHints":{"allow":["GET"]}}],"collection":[{"href":"https:\/\/radiostudiow.com.br\/site\/wp-json\/wp\/v2\/posts"}],"about":[{"href":"https:\/\/radiostudiow.com.br\/site\/wp-json\/wp\/v2\/types\/post"}],"author":[{"embeddable":true,"href":"https:\/\/radiostudiow.com.br\/site\/wp-json\/wp\/v2\/users\/2"}],"replies":[{"embeddable":true,"href":"https:\/\/radiostudiow.com.br\/site\/wp-json\/wp\/v2\/comments?post=10578"}],"version-history":[{"count":2,"href":"https:\/\/radiostudiow.com.br\/site\/wp-json\/wp\/v2\/posts\/10578\/revisions"}],"predecessor-version":[{"id":10581,"href":"https:\/\/radiostudiow.com.br\/site\/wp-json\/wp\/v2\/posts\/10578\/revisions\/10581"}],"wp:attachment":[{"href":"https:\/\/radiostudiow.com.br\/site\/wp-json\/wp\/v2\/media?parent=10578"}],"wp:term":[{"taxonomy":"category","embeddable":true,"href":"https:\/\/radiostudiow.com.br\/site\/wp-json\/wp\/v2\/categories?post=10578"},{"taxonomy":"post_tag","embeddable":true,"href":"https:\/\/radiostudiow.com.br\/site\/wp-json\/wp\/v2\/tags?post=10578"}],"curies":[{"name":"wp","href":"https:\/\/api.w.org\/{rel}","templated":true}]}}