{"id":10583,"date":"2023-01-12T15:14:02","date_gmt":"2023-01-12T18:14:02","guid":{"rendered":"https:\/\/radiostudiow.com.br\/site\/?p=10583"},"modified":"2025-01-31T15:09:42","modified_gmt":"2025-01-31T18:09:42","slug":"pm-de-general-carneiro-apreende-veiculo-com-debitos-e-condutor-sem-cnh","status":"publish","type":"post","link":"https:\/\/radiostudiow.com.br\/site\/2023\/01\/12\/pm-de-general-carneiro-apreende-veiculo-com-debitos-e-condutor-sem-cnh\/","title":{"rendered":"PM de General Carneiro apreende ve\u00edculo com d\u00e9bitos e condutor sem CNH"},"content":{"rendered":"\n<p>Pol\u00edcia Militar de General Carneiro estava em patrulhamento pela rua Elias Pacheco Cleto, em Monte Castelo quando visualizou um ve\u00edculo e o condutor ao perceber a equipe demonstrou certo nervosismo a qual motivou a abordagem. A situa\u00e7\u00e3o aconteceu \u00e0s 17:00 horas dessa quarta-feira (11).<\/p>\n\n\n\n<figure class=\"wp-block-image size-full\"><img decoding=\"async\" src=\"https:\/\/radiostudiow.com.br\/site\/wp-content\/uploads\/2022\/11\/image-7.png\" alt=\"\" class=\"wp-image-9553\"\/><\/figure>\n\n\n\n<p><br>Durante busca pessoal e veicular nada de il\u00edcito foi localizado, por\u00e9m, ap\u00f3s consulta via sistema, os policiais verificaram que o condutor n\u00e3o possu\u00eda CNH &#8211; Carteira Nacional de Habilita\u00e7\u00e3o e o seu ve\u00edculo com d\u00e9bitos pendentes de licenciamento e estava sem item obrigat\u00f3rio de seguran\u00e7a.<br>Diante dos fatos o condutor acompanhou a equipe policial at\u00e9 o PPM para as medidas administrativas cab\u00edveis e o ve\u00edculo foi recolhido ao p\u00e1tio devido as irregularidades.<br>Ap\u00f3s a confec\u00e7\u00e3o do Boletim de Ocorr\u00eancia o abordado foi orientado e liberado.<\/p>\n","protected":false},"excerpt":{"rendered":"<p>Pol\u00edcia Militar de General Carneiro estava em patrulhamento pela rua Elias Pacheco Cleto, em Monte Castelo quando visualizou um ve\u00edculo e o condutor ao perceber a equipe demonstrou certo nervosismo a qual motivou a abordagem. A situa\u00e7\u00e3o aconteceu \u00e0s 17:00 horas dessa quarta-feira (11). Durante busca pessoal e veicular nada de il\u00edcito foi localizado, por\u00e9m, [&hellip;]<\/p>\n","protected":false},"author":2,"featured_media":6892,"comment_status":"open","ping_status":"open","sticky":false,"template":"","format":"standard","meta":{"footnotes":""},"categories":[2],"tags":[172],"class_list":["post-10583","post","type-post","status-publish","format-standard","has-post-thumbnail","hentry","category-policial","tag-featured"],"amp_enabled":true,"_links":{"self":[{"href":"https:\/\/radiostudiow.com.br\/site\/wp-json\/wp\/v2\/posts\/10583","targetHints":{"allow":["GET"]}}],"collection":[{"href":"https:\/\/radiostudiow.com.br\/site\/wp-json\/wp\/v2\/posts"}],"about":[{"href":"https:\/\/radiostudiow.com.br\/site\/wp-json\/wp\/v2\/types\/post"}],"author":[{"embeddable":true,"href":"https:\/\/radiostudiow.com.br\/site\/wp-json\/wp\/v2\/users\/2"}],"replies":[{"embeddable":true,"href":"https:\/\/radiostudiow.com.br\/site\/wp-json\/wp\/v2\/comments?post=10583"}],"version-history":[{"count":1,"href":"https:\/\/radiostudiow.com.br\/site\/wp-json\/wp\/v2\/posts\/10583\/revisions"}],"predecessor-version":[{"id":10584,"href":"https:\/\/radiostudiow.com.br\/site\/wp-json\/wp\/v2\/posts\/10583\/revisions\/10584"}],"wp:featuredmedia":[{"embeddable":true,"href":"https:\/\/radiostudiow.com.br\/site\/wp-json\/wp\/v2\/media\/6892"}],"wp:attachment":[{"href":"https:\/\/radiostudiow.com.br\/site\/wp-json\/wp\/v2\/media?parent=10583"}],"wp:term":[{"taxonomy":"category","embeddable":true,"href":"https:\/\/radiostudiow.com.br\/site\/wp-json\/wp\/v2\/categories?post=10583"},{"taxonomy":"post_tag","embeddable":true,"href":"https:\/\/radiostudiow.com.br\/site\/wp-json\/wp\/v2\/tags?post=10583"}],"curies":[{"name":"wp","href":"https:\/\/api.w.org\/{rel}","templated":true}]}}