{"id":10585,"date":"2023-01-12T16:31:39","date_gmt":"2023-01-12T19:31:39","guid":{"rendered":"https:\/\/radiostudiow.com.br\/site\/?p=10585"},"modified":"2025-01-31T15:09:42","modified_gmt":"2025-01-31T18:09:42","slug":"trabalhador-e-atingido-por-estilhacos-de-vidro-enquanto-rocava-em-antonio-olinto","status":"publish","type":"post","link":"https:\/\/radiostudiow.com.br\/site\/2023\/01\/12\/trabalhador-e-atingido-por-estilhacos-de-vidro-enquanto-rocava-em-antonio-olinto\/","title":{"rendered":"Trabalhador \u00e9 atingido por estilha\u00e7os de vidro enquanto ro\u00e7ava em Ant\u00f4nio Olinto"},"content":{"rendered":"\n<p>O descarte inadequado de res\u00edduos de vidro quase acabou em trag\u00e9dia na BR-476, km 252, regi\u00e3o do Imbuial em Ant\u00f4nio Olinto na \u00faltima quarta-feira (11).<\/p>\n\n\n\n<figure class=\"wp-block-image size-large\"><img decoding=\"async\" src=\"https:\/\/radiostudiow.com.br\/site\/wp-content\/uploads\/2023\/01\/image-3-1024x392.png\" alt=\"\" class=\"wp-image-10452\"\/><\/figure>\n\n\n\n<p>Um trabalhador de 48 anos foi atingido com estilha\u00e7os de vidro enquanto realizava a ro\u00e7ada da rodovia. Segundo informa\u00e7\u00f5es da v\u00edtima, ele manuseava uma ro\u00e7adeira costal quando ouviu o forte barulho de vidro.<\/p>\n\n\n\n<blockquote class=\"wp-block-quote is-layout-flow wp-block-quote-is-layout-flow\">\n<p><em>\u201cPercebi um estouro na ponteira da ro\u00e7adeira, desliguei para ver e ao parar me deparei com um estilha\u00e7o de vidro, acho que de garrafa, que acabou perfurando meu pesco\u00e7o e meu t\u00f3rax\u201d, disse em entrevista para a RDX.<\/em><\/p>\n<\/blockquote>\n\n\n\n<p>Ele foi socorrido por um rapaz que estava no local.<\/p>\n\n\n\n<blockquote class=\"wp-block-quote is-layout-flow wp-block-quote-is-layout-flow\">\n<p><em>\u201cNo momento achei que iria morrer porque saiu muito sangue e por pouco quase me degolei\u201d, complementou.<\/em><\/p>\n<\/blockquote>\n\n\n\n<figure class=\"wp-block-image size-large\"><img loading=\"lazy\" decoding=\"async\" width=\"1024\" height=\"533\" src=\"https:\/\/radiostudiow.com.br\/site\/wp-content\/uploads\/2023\/01\/acidente-rocadeira-scaled-1-1024x533.jpg\" alt=\"\" class=\"wp-image-10586\" srcset=\"https:\/\/radiostudiow.com.br\/site\/wp-content\/uploads\/2023\/01\/acidente-rocadeira-scaled-1-1024x533.jpg 1024w, https:\/\/radiostudiow.com.br\/site\/wp-content\/uploads\/2023\/01\/acidente-rocadeira-scaled-1-300x156.jpg 300w, https:\/\/radiostudiow.com.br\/site\/wp-content\/uploads\/2023\/01\/acidente-rocadeira-scaled-1-768x400.jpg 768w, https:\/\/radiostudiow.com.br\/site\/wp-content\/uploads\/2023\/01\/acidente-rocadeira-scaled-1.jpg 1200w\" sizes=\"auto, (max-width: 1024px) 100vw, 1024px\" \/><\/figure>\n\n\n\n<figure class=\"wp-block-image size-full\"><img decoding=\"async\" src=\"https:\/\/radiostudiow.com.br\/site\/wp-content\/uploads\/2022\/07\/CAFE.jpg\" alt=\"\" class=\"wp-image-8288\"\/><\/figure>\n\n\n\n<p>De acordo com o trabalhador, ele fazia uso de todos os EPI\u2019s como botina, \u00f3culos e perneira, por\u00e9m o acidente foi inevit\u00e1vel. Ele foi atendido em Ant\u00f4nio Olinto e posteriormente transferido pelo Samu de S\u00e3o Mateus do Sul at\u00e9 Uni\u00e3o da Vit\u00f3ria devido \u00e0 gravidade dos cortes.<\/p>\n\n\n\n<blockquote class=\"wp-block-quote is-layout-flow wp-block-quote-is-layout-flow\">\n<p><em>\u201cAcidentes podem acontecer, mas se as pessoas colaborarem para n\u00e3o jogar esses tipos de objetos nas beiras de rodovias, porque ali mora o perigo\u2026 N\u00f3s estamos ali pra deixar tudo limpo para as pessoas que ali trafegam. Ontem foi comigo, ent\u00e3o vamos evitar esses tipos de acidentes. Gra\u00e7as a Deus hoje estou bem e agrade\u00e7o por estar aqui pra contar o ocorrido\u201d, disse.<\/em><\/p>\n<\/blockquote>\n\n\n\n<p>Ele tamb\u00e9m agradece o atendimento de todos os m\u00e9dicos e enfermeiros. A empresa respons\u00e1vel pelos servi\u00e7os na BR-476 tamb\u00e9m prestou todo suporte para o trabalhador.<\/p>\n","protected":false},"excerpt":{"rendered":"<p>O descarte inadequado de res\u00edduos de vidro quase acabou em trag\u00e9dia na BR-476, km 252, regi\u00e3o do Imbuial em Ant\u00f4nio Olinto na \u00faltima quarta-feira (11). Um trabalhador de 48 anos foi atingido com estilha\u00e7os de vidro enquanto realizava a ro\u00e7ada da rodovia. Segundo informa\u00e7\u00f5es da v\u00edtima, ele manuseava uma ro\u00e7adeira costal quando ouviu o forte [&hellip;]<\/p>\n","protected":false},"author":2,"featured_media":0,"comment_status":"open","ping_status":"open","sticky":false,"template":"","format":"standard","meta":{"footnotes":""},"categories":[2],"tags":[172],"class_list":["post-10585","post","type-post","status-publish","format-standard","hentry","category-policial","tag-featured"],"amp_enabled":true,"_links":{"self":[{"href":"https:\/\/radiostudiow.com.br\/site\/wp-json\/wp\/v2\/posts\/10585","targetHints":{"allow":["GET"]}}],"collection":[{"href":"https:\/\/radiostudiow.com.br\/site\/wp-json\/wp\/v2\/posts"}],"about":[{"href":"https:\/\/radiostudiow.com.br\/site\/wp-json\/wp\/v2\/types\/post"}],"author":[{"embeddable":true,"href":"https:\/\/radiostudiow.com.br\/site\/wp-json\/wp\/v2\/users\/2"}],"replies":[{"embeddable":true,"href":"https:\/\/radiostudiow.com.br\/site\/wp-json\/wp\/v2\/comments?post=10585"}],"version-history":[{"count":1,"href":"https:\/\/radiostudiow.com.br\/site\/wp-json\/wp\/v2\/posts\/10585\/revisions"}],"predecessor-version":[{"id":10588,"href":"https:\/\/radiostudiow.com.br\/site\/wp-json\/wp\/v2\/posts\/10585\/revisions\/10588"}],"wp:attachment":[{"href":"https:\/\/radiostudiow.com.br\/site\/wp-json\/wp\/v2\/media?parent=10585"}],"wp:term":[{"taxonomy":"category","embeddable":true,"href":"https:\/\/radiostudiow.com.br\/site\/wp-json\/wp\/v2\/categories?post=10585"},{"taxonomy":"post_tag","embeddable":true,"href":"https:\/\/radiostudiow.com.br\/site\/wp-json\/wp\/v2\/tags?post=10585"}],"curies":[{"name":"wp","href":"https:\/\/api.w.org\/{rel}","templated":true}]}}