{"id":10691,"date":"2023-01-19T16:31:27","date_gmt":"2023-01-19T19:31:27","guid":{"rendered":"https:\/\/radiostudiow.com.br\/site\/?p=10691"},"modified":"2025-01-31T15:09:41","modified_gmt":"2025-01-31T18:09:41","slug":"em-cruz-machado-pessoa-e-ameacada-com-faca-pelo-proprio-parente","status":"publish","type":"post","link":"https:\/\/radiostudiow.com.br\/site\/2023\/01\/19\/em-cruz-machado-pessoa-e-ameacada-com-faca-pelo-proprio-parente\/","title":{"rendered":"Em Cruz Machado, pessoa \u00e9 amea\u00e7ada com faca pelo pr\u00f3prio parente"},"content":{"rendered":"\n<p class=\"has-text-color\" style=\"color:#00000000\">.<\/p>\n\n\n\n<figure class=\"wp-block-image size-full\"><img decoding=\"async\" src=\"https:\/\/radiostudiow.com.br\/site\/wp-content\/uploads\/2022\/06\/SICREDI.jpg\" alt=\"\" class=\"wp-image-7695\"\/><\/figure>\n\n\n\n<p class=\"has-text-color\" style=\"color:#00000000\">.<\/p>\n\n\n\n<p>A equipe da Pol\u00edcia Militar de Cruz Machado estava em patrulhamento na noite de ontem, dia 18 de janeiro quando foi abordada por uma pessoa, a qual relatou que um parente seu havia amea\u00e7ado a v\u00edtima com uma faca.<\/p>\n\n\n\n<p>A v\u00edtima disse que estava voltando de uma celebra\u00e7\u00e3o lit\u00fargica em uma igreja, e j\u00e1 logo perto de sua casa um parente seu chegou de surpresa e come\u00e7ou a xingar e amea\u00e7ar essa pessoa com uma faca, mas ao perceber que os vizinhos come\u00e7aram a escutar e sa\u00edrem de suas casas ficou com medo e acabou fugindo para uma regi\u00e3o de mata que se encontrava pr\u00f3xima a sua resid\u00eancia.<\/p>\n\n\n\n<p>Segundo a v\u00edtima, esses acontecimentos n\u00e3o s\u00e3o recentes, j\u00e1 h\u00e1 algum tempo v\u00eam recebendo diversas amea\u00e7as deste parente, mas n\u00e3o soube explicar o motivo dele estar realizando tais atos com a mesma.<\/p>\n\n\n\n<p>A equipe ent\u00e3o se deslocou at\u00e9 o local referido no intuito de localizar o autor, mas n\u00e3o conseguiu encontr\u00e1-lo.<\/p>\n\n\n\n<p class=\"has-text-color\" style=\"color:#00000000\">.<\/p>\n\n\n\n<figure class=\"wp-block-image size-full\"><img decoding=\"async\" src=\"https:\/\/radiostudiow.com.br\/site\/wp-content\/uploads\/2023\/01\/image-1.png\" alt=\"\" class=\"wp-image-10435\"\/><\/figure>\n","protected":false},"excerpt":{"rendered":"<p>. . A equipe da Pol\u00edcia Militar de Cruz Machado estava em patrulhamento na noite de ontem, dia 18 de janeiro quando foi abordada por uma pessoa, a qual relatou que um parente seu havia amea\u00e7ado a v\u00edtima com uma faca. A v\u00edtima disse que estava voltando de uma celebra\u00e7\u00e3o lit\u00fargica em uma igreja, e [&hellip;]<\/p>\n","protected":false},"author":2,"featured_media":0,"comment_status":"open","ping_status":"open","sticky":false,"template":"","format":"standard","meta":{"footnotes":""},"categories":[2,185],"tags":[172],"class_list":["post-10691","post","type-post","status-publish","format-standard","hentry","category-policial","category-regional","tag-featured"],"amp_enabled":true,"_links":{"self":[{"href":"https:\/\/radiostudiow.com.br\/site\/wp-json\/wp\/v2\/posts\/10691","targetHints":{"allow":["GET"]}}],"collection":[{"href":"https:\/\/radiostudiow.com.br\/site\/wp-json\/wp\/v2\/posts"}],"about":[{"href":"https:\/\/radiostudiow.com.br\/site\/wp-json\/wp\/v2\/types\/post"}],"author":[{"embeddable":true,"href":"https:\/\/radiostudiow.com.br\/site\/wp-json\/wp\/v2\/users\/2"}],"replies":[{"embeddable":true,"href":"https:\/\/radiostudiow.com.br\/site\/wp-json\/wp\/v2\/comments?post=10691"}],"version-history":[{"count":2,"href":"https:\/\/radiostudiow.com.br\/site\/wp-json\/wp\/v2\/posts\/10691\/revisions"}],"predecessor-version":[{"id":10693,"href":"https:\/\/radiostudiow.com.br\/site\/wp-json\/wp\/v2\/posts\/10691\/revisions\/10693"}],"wp:attachment":[{"href":"https:\/\/radiostudiow.com.br\/site\/wp-json\/wp\/v2\/media?parent=10691"}],"wp:term":[{"taxonomy":"category","embeddable":true,"href":"https:\/\/radiostudiow.com.br\/site\/wp-json\/wp\/v2\/categories?post=10691"},{"taxonomy":"post_tag","embeddable":true,"href":"https:\/\/radiostudiow.com.br\/site\/wp-json\/wp\/v2\/tags?post=10691"}],"curies":[{"name":"wp","href":"https:\/\/api.w.org\/{rel}","templated":true}]}}