{"id":10729,"date":"2023-01-23T12:02:29","date_gmt":"2023-01-23T15:02:29","guid":{"rendered":"https:\/\/radiostudiow.com.br\/site\/?p=10729"},"modified":"2025-01-31T15:09:41","modified_gmt":"2025-01-31T18:09:41","slug":"7-mil-reais-sao-furtados-de-residencia-em-paula-freitas","status":"publish","type":"post","link":"https:\/\/radiostudiow.com.br\/site\/2023\/01\/23\/7-mil-reais-sao-furtados-de-residencia-em-paula-freitas\/","title":{"rendered":"7 MIL REAIS S\u00c3O FURTADOS DE RESID\u00caNCIA EM PAULA FREITAS"},"content":{"rendered":"<div class=\"wp-block-image\">\n<figure class=\"aligncenter size-full\"><img decoding=\"async\" src=\"https:\/\/radiostudiow.com.br\/site\/wp-content\/uploads\/2022\/05\/SEPAC.jpg\" alt=\"\" class=\"wp-image-7600\"\/><\/figure>\n<\/div>\n\n\n<p class=\"has-text-color\" style=\"color:#ffffff00\">.<\/p>\n\n\n\n<p>Mais um caso de furto na cidade de Paula Freitas, segundo o Boletim de Ocorr\u00eancia da Pol\u00edcia Militar da cidade, neste domingo, dia 22 de janeiro, compareceu no DPM um homem relatando que sua resid\u00eancia havia sido arrombada e uma quantidade de dinheiro havia sido furtada.<\/p>\n\n\n\n<p>O homem relata que havia sa\u00eddo de sua resid\u00eancia por volta das 10 horas da manh\u00e3 deste domingo, e quando retornou \u00e0s 17:00 H do mesmo dia encontrou uma de suas janelas de sua casa arrombada, e ao entrar dentro dela percebeu que R$7000,00 em esp\u00e9cie haviam sido furtados.<\/p>\n\n\n\n<p>Ele ainda falou que pr\u00f3ximo a sua resid\u00eancia mora seu genro, o qual n\u00e3o percebeu nenhuma movimenta\u00e7\u00e3o estranha, nem algu\u00e9m suspeito nas proximidades no dia do furto.<\/p>\n\n\n\n<p>Mas h\u00e1 quinze dias atr\u00e1s ele havia visto dois homens rondando a resid\u00eancia da v\u00edtima com uma moto na cor vermelha, quando um dos ocupantes desceu da moto e se aproximou da casa, assim o genro perguntou a ele o motivo dele estar al\u00ed, mas o homem respondeu apenas que estaria procurando carneiros para comprar, logo depois indo embora.<\/p>\n\n\n\n<p>Diante dos fatos, os policiais orientaram a v\u00edtima quanto aos procedimentos cab\u00edveis.<\/p>\n\n\n\n<p class=\"has-text-color\" style=\"color:#ffffff00\">.<\/p>\n\n\n<div class=\"wp-block-image\">\n<figure class=\"aligncenter size-full\"><img decoding=\"async\" src=\"https:\/\/radiostudiow.com.br\/site\/wp-content\/uploads\/2022\/12\/800-2-1.gif\" alt=\"\" class=\"wp-image-10344\"\/><\/figure>\n<\/div>","protected":false},"excerpt":{"rendered":"<p>. Mais um caso de furto na cidade de Paula Freitas, segundo o Boletim de Ocorr\u00eancia da Pol\u00edcia Militar da cidade, neste domingo, dia 22 de janeiro, compareceu no DPM um homem relatando que sua resid\u00eancia havia sido arrombada e uma quantidade de dinheiro havia sido furtada. O homem relata que havia sa\u00eddo de sua [&hellip;]<\/p>\n","protected":false},"author":2,"featured_media":9662,"comment_status":"open","ping_status":"open","sticky":false,"template":"","format":"standard","meta":{"footnotes":""},"categories":[2,185],"tags":[172],"class_list":["post-10729","post","type-post","status-publish","format-standard","has-post-thumbnail","hentry","category-policial","category-regional","tag-featured"],"amp_enabled":true,"_links":{"self":[{"href":"https:\/\/radiostudiow.com.br\/site\/wp-json\/wp\/v2\/posts\/10729","targetHints":{"allow":["GET"]}}],"collection":[{"href":"https:\/\/radiostudiow.com.br\/site\/wp-json\/wp\/v2\/posts"}],"about":[{"href":"https:\/\/radiostudiow.com.br\/site\/wp-json\/wp\/v2\/types\/post"}],"author":[{"embeddable":true,"href":"https:\/\/radiostudiow.com.br\/site\/wp-json\/wp\/v2\/users\/2"}],"replies":[{"embeddable":true,"href":"https:\/\/radiostudiow.com.br\/site\/wp-json\/wp\/v2\/comments?post=10729"}],"version-history":[{"count":2,"href":"https:\/\/radiostudiow.com.br\/site\/wp-json\/wp\/v2\/posts\/10729\/revisions"}],"predecessor-version":[{"id":10731,"href":"https:\/\/radiostudiow.com.br\/site\/wp-json\/wp\/v2\/posts\/10729\/revisions\/10731"}],"wp:featuredmedia":[{"embeddable":true,"href":"https:\/\/radiostudiow.com.br\/site\/wp-json\/wp\/v2\/media\/9662"}],"wp:attachment":[{"href":"https:\/\/radiostudiow.com.br\/site\/wp-json\/wp\/v2\/media?parent=10729"}],"wp:term":[{"taxonomy":"category","embeddable":true,"href":"https:\/\/radiostudiow.com.br\/site\/wp-json\/wp\/v2\/categories?post=10729"},{"taxonomy":"post_tag","embeddable":true,"href":"https:\/\/radiostudiow.com.br\/site\/wp-json\/wp\/v2\/tags?post=10729"}],"curies":[{"name":"wp","href":"https:\/\/api.w.org\/{rel}","templated":true}]}}