{"id":10782,"date":"2023-01-25T16:01:26","date_gmt":"2023-01-25T19:01:26","guid":{"rendered":"https:\/\/radiostudiow.com.br\/site\/?p=10782"},"modified":"2023-01-25T16:01:47","modified_gmt":"2023-01-25T19:01:47","slug":"empresa-de-reciclagem-e-invadida-e-furtada-na-cidade-de-cruz-machado","status":"publish","type":"post","link":"https:\/\/radiostudiow.com.br\/site\/2023\/01\/25\/empresa-de-reciclagem-e-invadida-e-furtada-na-cidade-de-cruz-machado\/","title":{"rendered":"EMPRESA DE RECICLAGEM \u00c9 INVADIDA E FURTADA NA CIDADE DE CRUZ MACHADO"},"content":{"rendered":"<div class=\"wp-block-image\">\n<figure class=\"aligncenter size-full\"><img decoding=\"async\" src=\"https:\/\/radiostudiow.com.br\/site\/wp-content\/uploads\/2022\/06\/NUTRI-MALLET.jpg\" alt=\"\" class=\"wp-image-7772\"\/><\/figure>\n<\/div>\n\n\n<p class=\"has-text-color\" style=\"color:#ffffff00\">.<\/p>\n\n\n\n<p>Ontem, ter\u00e7a-feira dia 24 de janeiro, por volta das 15:30 horas, compareceu no Pelot\u00e3o da Pol\u00edcia Militar de Cruz Machado um homem, relatando que no dia anterior a empresa de reciclagem que ele trabalha havia sido furtada.<\/p>\n\n\n\n<p>Segundo o solicitante, por volta das 21:40 horas do dia 23, dois indiv\u00edduos adentraram a unidade da empresa de reciclagem e furtaram 1 saco que continha 30 Kg de alum\u00ednio e outros 3 sacos que continham aproximadamente 20 Kg de fios de cobre.<\/p>\n\n\n\n<p>Ele ainda apresentou imagens de c\u00e2meras de seguran\u00e7a que mostram a a\u00e7\u00e3o sendo feita no local. O homem foi orientado quanto aos procedimentos cab\u00edveis.<\/p>\n\n\n\n<p class=\"has-text-color has-x-large-font-size\" style=\"color:#ffffff00\">.<\/p>\n\n\n<div class=\"wp-block-image\">\n<figure class=\"aligncenter size-full\"><img decoding=\"async\" src=\"https:\/\/radiostudiow.com.br\/site\/wp-content\/uploads\/2022\/12\/800-2-1.gif\" alt=\"\" class=\"wp-image-10344\"\/><\/figure>\n<\/div>","protected":false},"excerpt":{"rendered":"<p>. Ontem, ter\u00e7a-feira dia 24 de janeiro, por volta das 15:30 horas, compareceu no Pelot\u00e3o da Pol\u00edcia Militar de Cruz Machado um homem, relatando que no dia anterior a empresa de reciclagem que ele trabalha havia sido furtada. Segundo o solicitante, por volta das 21:40 horas do dia 23, dois indiv\u00edduos adentraram a unidade da [&hellip;]<\/p>\n","protected":false},"author":2,"featured_media":0,"comment_status":"open","ping_status":"open","sticky":false,"template":"","format":"standard","meta":{"footnotes":""},"categories":[2,185],"tags":[172],"class_list":["post-10782","post","type-post","status-publish","format-standard","hentry","category-policial","category-regional","tag-featured"],"amp_enabled":true,"_links":{"self":[{"href":"https:\/\/radiostudiow.com.br\/site\/wp-json\/wp\/v2\/posts\/10782","targetHints":{"allow":["GET"]}}],"collection":[{"href":"https:\/\/radiostudiow.com.br\/site\/wp-json\/wp\/v2\/posts"}],"about":[{"href":"https:\/\/radiostudiow.com.br\/site\/wp-json\/wp\/v2\/types\/post"}],"author":[{"embeddable":true,"href":"https:\/\/radiostudiow.com.br\/site\/wp-json\/wp\/v2\/users\/2"}],"replies":[{"embeddable":true,"href":"https:\/\/radiostudiow.com.br\/site\/wp-json\/wp\/v2\/comments?post=10782"}],"version-history":[{"count":2,"href":"https:\/\/radiostudiow.com.br\/site\/wp-json\/wp\/v2\/posts\/10782\/revisions"}],"predecessor-version":[{"id":10784,"href":"https:\/\/radiostudiow.com.br\/site\/wp-json\/wp\/v2\/posts\/10782\/revisions\/10784"}],"wp:attachment":[{"href":"https:\/\/radiostudiow.com.br\/site\/wp-json\/wp\/v2\/media?parent=10782"}],"wp:term":[{"taxonomy":"category","embeddable":true,"href":"https:\/\/radiostudiow.com.br\/site\/wp-json\/wp\/v2\/categories?post=10782"},{"taxonomy":"post_tag","embeddable":true,"href":"https:\/\/radiostudiow.com.br\/site\/wp-json\/wp\/v2\/tags?post=10782"}],"curies":[{"name":"wp","href":"https:\/\/api.w.org\/{rel}","templated":true}]}}