{"id":10785,"date":"2023-01-25T16:52:02","date_gmt":"2023-01-25T19:52:02","guid":{"rendered":"https:\/\/radiostudiow.com.br\/site\/?p=10785"},"modified":"2023-01-25T16:52:02","modified_gmt":"2023-01-25T19:52:02","slug":"caminhao-tanque-carregado-com-diesel-bate-em-praca-de-pedagio-desativada-e-pega-fogo-na-br-277-motorista-morreu","status":"publish","type":"post","link":"https:\/\/radiostudiow.com.br\/site\/2023\/01\/25\/caminhao-tanque-carregado-com-diesel-bate-em-praca-de-pedagio-desativada-e-pega-fogo-na-br-277-motorista-morreu\/","title":{"rendered":"Caminh\u00e3o tanque carregado com diesel bate em pra\u00e7a de ped\u00e1gio desativada e pega fogo na BR-277; motorista morreu"},"content":{"rendered":"<div class=\"wp-block-image\">\n<figure class=\"aligncenter size-full\"><img decoding=\"async\" src=\"https:\/\/radiostudiow.com.br\/site\/wp-content\/uploads\/2022\/12\/800.gif\" alt=\"\" class=\"wp-image-10336\"\/><\/figure>\n<\/div>\n\n\n<p class=\"has-text-color has-x-large-font-size\" style=\"color:#ffffff00\">.<\/p>\n\n\n\n<p>Um caminh\u00e3o-tanque carregado com \u00f3leo diesel perdeu o freio e bateu em uma pra\u00e7a de ped\u00e1gio desativada da BR-277 em Nova Laranjeiras, na regi\u00e3o central do Paran\u00e1, na manh\u00e3 desta quarta-feira (25). O motorista, de 45 anos, morreu no local.<\/p>\n\n\n\n<p>De acordo com a Pol\u00edcia Rodovi\u00e1ria Federal (PRF), o ve\u00edculo bateu na traseira de outra carreta e, em seguida, acertou as barreiras de conten\u00e7\u00e3o da \u00e1rea das cabines e pegou fogo.<\/p>\n\n\n\n<p>\u201cEle desceu sem freios, deve ter falhado o sistema de freios, ele fez uma colis\u00e3o durante este trajeto, antes da pra\u00e7a de ped\u00e1gio, com outro ve\u00edculo, se perdeu e projetou-se contra a pra\u00e7a, colidiu nas cabines e veio a incendiar e pegar fogo. Infelizmente, o condutor entrou em \u00f3bito\u201d, explicou o inspetor da PRF, Paulo Muzzi.<\/p>\n\n\n\n<p class=\"has-text-color has-x-large-font-size\" style=\"color:#ffffff00\">.<\/p>\n\n\n<div class=\"wp-block-image\">\n<figure class=\"aligncenter size-full\"><img loading=\"lazy\" decoding=\"async\" width=\"984\" height=\"736\" src=\"https:\/\/radiostudiow.com.br\/site\/wp-content\/uploads\/2023\/01\/whatsapp-image-2023-01-25-at-12.11.59.webp\" alt=\"\" class=\"wp-image-10786\" srcset=\"https:\/\/radiostudiow.com.br\/site\/wp-content\/uploads\/2023\/01\/whatsapp-image-2023-01-25-at-12.11.59.webp 984w, https:\/\/radiostudiow.com.br\/site\/wp-content\/uploads\/2023\/01\/whatsapp-image-2023-01-25-at-12.11.59-300x224.webp 300w, https:\/\/radiostudiow.com.br\/site\/wp-content\/uploads\/2023\/01\/whatsapp-image-2023-01-25-at-12.11.59-768x574.webp 768w\" sizes=\"auto, (max-width: 984px) 100vw, 984px\" \/><figcaption class=\"wp-element-caption\">Caminh\u00e3o tanque carregado com diesel bate em pra\u00e7a de ped\u00e1gio desativada e pega fogo na BR-277 \u2014 Foto: Divulga\u00e7\u00e3o\/PRF<\/figcaption><\/figure>\n<\/div>\n\n\n<p class=\"has-text-color has-x-large-font-size\" style=\"color:#ffffff00\">.<\/p>\n\n\n\n<p>O motorista saiu, conforme a PRF, de Arauc\u00e1ria, na Regi\u00e3o Metropolitana de Curitiba, com destino a Cascavel, no oeste do estado.<\/p>\n\n\n\n<p>Os bombeiros demoraram quatro horas para conseguir controlar o inc\u00eandio em virtude da carga do caminh\u00e3o ser inflam\u00e1vel.<\/p>\n\n\n\n<p>A rodovia chegou a ser completamente bloqueada e no momento da \u00faltima atualiza\u00e7\u00e3o desta reportagem estava liberada.<\/p>\n\n\n\n<p class=\"has-text-color has-x-large-font-size\" style=\"color:#ffffff00\">.<\/p>\n\n\n<div class=\"wp-block-image\">\n<figure class=\"aligncenter size-large\"><img loading=\"lazy\" decoding=\"async\" width=\"576\" height=\"1024\" src=\"https:\/\/radiostudiow.com.br\/site\/wp-content\/uploads\/2023\/01\/whatsapp-image-2023-01-25-at-12.24.55-1--576x1024.webp\" alt=\"\" class=\"wp-image-10787\" srcset=\"https:\/\/radiostudiow.com.br\/site\/wp-content\/uploads\/2023\/01\/whatsapp-image-2023-01-25-at-12.24.55-1--576x1024.webp 576w, https:\/\/radiostudiow.com.br\/site\/wp-content\/uploads\/2023\/01\/whatsapp-image-2023-01-25-at-12.24.55-1--169x300.webp 169w, https:\/\/radiostudiow.com.br\/site\/wp-content\/uploads\/2023\/01\/whatsapp-image-2023-01-25-at-12.24.55-1--768x1365.webp 768w, https:\/\/radiostudiow.com.br\/site\/wp-content\/uploads\/2023\/01\/whatsapp-image-2023-01-25-at-12.24.55-1--864x1536.webp 864w, https:\/\/radiostudiow.com.br\/site\/wp-content\/uploads\/2023\/01\/whatsapp-image-2023-01-25-at-12.24.55-1-.webp 984w\" sizes=\"auto, (max-width: 576px) 100vw, 576px\" \/><figcaption class=\"wp-element-caption\">Caminh\u00e3o tanque carregado com diesel bate em pra\u00e7a de ped\u00e1gio desativada e pega fogo na BR-277 \u2014 Foto: Foto Autorizada\/Lenocir Ovsiani<\/figcaption><\/figure>\n<\/div>\n\n\n<p class=\"has-text-color has-x-large-font-size\" style=\"color:#ffffff00\">.<\/p>\n\n\n<div class=\"wp-block-image\">\n<figure class=\"aligncenter size-large\"><img decoding=\"async\" src=\"https:\/\/radiostudiow.com.br\/site\/wp-content\/uploads\/2023\/01\/capa-1024x384.jpg\" alt=\"\" class=\"wp-image-10696\"\/><\/figure>\n<\/div>\n\n\n<p class=\"has-text-color has-large-font-size\" style=\"color:#444\"><strong>Ped\u00e1gio desativado<\/strong><\/p>\n\n\n\n<p>A pra\u00e7a de ped\u00e1gio onde aconteceu o acidente est\u00e1 desativada desde novembro de 2021, quando chegaram ao fim as concess\u00f5es do Anel de Integra\u00e7\u00e3o do Paran\u00e1.<\/p>\n\n\n\n<figure class=\"wp-block-image size-large\"><img loading=\"lazy\" decoding=\"async\" width=\"766\" height=\"1024\" src=\"https:\/\/radiostudiow.com.br\/site\/wp-content\/uploads\/2023\/01\/3-766x1024.webp\" alt=\"\" class=\"wp-image-10788\" srcset=\"https:\/\/radiostudiow.com.br\/site\/wp-content\/uploads\/2023\/01\/3-766x1024.webp 766w, https:\/\/radiostudiow.com.br\/site\/wp-content\/uploads\/2023\/01\/3-224x300.webp 224w, https:\/\/radiostudiow.com.br\/site\/wp-content\/uploads\/2023\/01\/3-768x1027.webp 768w, https:\/\/radiostudiow.com.br\/site\/wp-content\/uploads\/2023\/01\/3.webp 984w\" sizes=\"auto, (max-width: 766px) 100vw, 766px\" \/><figcaption class=\"wp-element-caption\">Caminh\u00e3o tanque carregado com diesel bate em pra\u00e7a de ped\u00e1gio desativada e pega fogo na BR-277 \u2014 Foto: Divulga\u00e7\u00e3o\/PRF<\/figcaption><\/figure>\n\n\n\n<p>Desde ent\u00e3o, os locais passaram a ter um desvio para a passagem dos ve\u00edculos. Nas rodovias federais como a BR-277, a responsabilidade de sinaliza\u00e7\u00e3o \u00e9 do Dnit.<\/p>\n\n\n\n<p>Fonte e Fotos: <a rel=\"noreferrer noopener\" href=\"https:\/\/g1.globo.com\/pr\/campos-gerais-sul\/noticia\/2023\/01\/25\/caminhao-tanque-carregado-com-diesel-bate-em-praca-de-pedagio-desativada-e-pega-fogo-na-br-277-uma-pessoa-morreu.ghtml\" data-type=\"URL\" data-id=\"https:\/\/g1.globo.com\/pr\/campos-gerais-sul\/noticia\/2023\/01\/25\/caminhao-tanque-carregado-com-diesel-bate-em-praca-de-pedagio-desativada-e-pega-fogo-na-br-277-uma-pessoa-morreu.ghtml\" target=\"_blank\">G1<\/a><\/p>\n\n\n\n<p class=\"has-text-color has-x-large-font-size\" style=\"color:#ffffff00\">.<\/p>\n\n\n<div class=\"wp-block-image\">\n<figure class=\"aligncenter size-full\"><img decoding=\"async\" src=\"https:\/\/radiostudiow.com.br\/site\/wp-content\/uploads\/2022\/12\/800-2-1.gif\" alt=\"\" class=\"wp-image-10344\"\/><\/figure>\n<\/div>","protected":false},"excerpt":{"rendered":"<p>. Um caminh\u00e3o-tanque carregado com \u00f3leo diesel perdeu o freio e bateu em uma pra\u00e7a de ped\u00e1gio desativada da BR-277 em Nova Laranjeiras, na regi\u00e3o central do Paran\u00e1, na manh\u00e3 desta quarta-feira (25). O motorista, de 45 anos, morreu no local. De acordo com a Pol\u00edcia Rodovi\u00e1ria Federal (PRF), o ve\u00edculo bateu na traseira de [&hellip;]<\/p>\n","protected":false},"author":2,"featured_media":10786,"comment_status":"open","ping_status":"open","sticky":false,"template":"","format":"standard","meta":{"footnotes":""},"categories":[185],"tags":[172],"class_list":["post-10785","post","type-post","status-publish","format-standard","has-post-thumbnail","hentry","category-regional","tag-featured"],"amp_enabled":true,"_links":{"self":[{"href":"https:\/\/radiostudiow.com.br\/site\/wp-json\/wp\/v2\/posts\/10785","targetHints":{"allow":["GET"]}}],"collection":[{"href":"https:\/\/radiostudiow.com.br\/site\/wp-json\/wp\/v2\/posts"}],"about":[{"href":"https:\/\/radiostudiow.com.br\/site\/wp-json\/wp\/v2\/types\/post"}],"author":[{"embeddable":true,"href":"https:\/\/radiostudiow.com.br\/site\/wp-json\/wp\/v2\/users\/2"}],"replies":[{"embeddable":true,"href":"https:\/\/radiostudiow.com.br\/site\/wp-json\/wp\/v2\/comments?post=10785"}],"version-history":[{"count":1,"href":"https:\/\/radiostudiow.com.br\/site\/wp-json\/wp\/v2\/posts\/10785\/revisions"}],"predecessor-version":[{"id":10789,"href":"https:\/\/radiostudiow.com.br\/site\/wp-json\/wp\/v2\/posts\/10785\/revisions\/10789"}],"wp:featuredmedia":[{"embeddable":true,"href":"https:\/\/radiostudiow.com.br\/site\/wp-json\/wp\/v2\/media\/10786"}],"wp:attachment":[{"href":"https:\/\/radiostudiow.com.br\/site\/wp-json\/wp\/v2\/media?parent=10785"}],"wp:term":[{"taxonomy":"category","embeddable":true,"href":"https:\/\/radiostudiow.com.br\/site\/wp-json\/wp\/v2\/categories?post=10785"},{"taxonomy":"post_tag","embeddable":true,"href":"https:\/\/radiostudiow.com.br\/site\/wp-json\/wp\/v2\/tags?post=10785"}],"curies":[{"name":"wp","href":"https:\/\/api.w.org\/{rel}","templated":true}]}}