{"id":10799,"date":"2023-01-26T11:17:26","date_gmt":"2023-01-26T14:17:26","guid":{"rendered":"https:\/\/radiostudiow.com.br\/site\/?p=10799"},"modified":"2025-01-31T15:09:41","modified_gmt":"2025-01-31T18:09:41","slug":"denuncia-leva-policiais-ambientais-a-descobrir-area-de-desmatamento-em-imbituva","status":"publish","type":"post","link":"https:\/\/radiostudiow.com.br\/site\/2023\/01\/26\/denuncia-leva-policiais-ambientais-a-descobrir-area-de-desmatamento-em-imbituva\/","title":{"rendered":"Den\u00fancia leva Policiais Ambientais a descobrir \u00e1rea de Desmatamento em Imbituva"},"content":{"rendered":"<div class=\"wp-block-image\">\n<figure class=\"aligncenter size-large\"><img decoding=\"async\" src=\"https:\/\/radiostudiow.com.br\/site\/wp-content\/uploads\/2023\/01\/capa-1024x384.jpg\" alt=\"\" class=\"wp-image-10696\"\/><\/figure>\n<\/div>\n\n\n<p class=\"has-text-color\" style=\"color:#ffffff00\">.<\/p>\n\n\n\n<p class=\"has-medium-font-size\">Nesta quarta-feira, dia 25 de janeiro, a Pol\u00edcia Ambiental atendeu a uma den\u00fancia de desmatamento de vegeta\u00e7\u00e3o nativa em uma propriedade na \u00e1rea rural de Imbituva.<\/p>\n\n\n\n<p class=\"has-medium-font-size\">Segundo os policiais, foram desmatados cerca de 6 hectares de vegeta\u00e7\u00e3o nativa no local, em que foram utilizados trator esteira e motosserra para a realiza\u00e7\u00e3o do desmatamento, que atingiu esp\u00e9cies de \u00e1rvores amea\u00e7adas de extin\u00e7\u00e3o como o Pinheiro Arauc\u00e1ria, Imbuia e Cedro.<\/p>\n\n\n\n<p class=\"has-black-color has-text-color has-medium-font-size\">Como o propriet\u00e1rio n\u00e3o possu\u00eda autoriza\u00e7\u00e3o ambiental, foi multado no valor de R$ 63.000,00 e ir\u00e1 responder criminalmente pelo dano.<\/p>\n\n\n\n<p class=\"has-text-color\" style=\"color:#ffffff00\">.<\/p>\n\n\n<div class=\"wp-block-image\">\n<figure class=\"aligncenter size-full\"><img decoding=\"async\" src=\"https:\/\/radiostudiow.com.br\/site\/wp-content\/uploads\/2022\/06\/vem_ai.jpg\" alt=\"\" class=\"wp-image-7789\"\/><\/figure>\n<\/div>\n\n\n<p class=\"has-text-color\" style=\"color:#ffffff00\">.<\/p>\n\n\n\n<figure class=\"wp-block-gallery has-nested-images columns-1 wp-block-gallery-1 is-layout-flex wp-block-gallery-is-layout-flex\">\n<figure class=\"wp-block-image size-full\"><img loading=\"lazy\" decoding=\"async\" width=\"1600\" height=\"1200\" data-id=\"10801\" src=\"https:\/\/radiostudiow.com.br\/site\/wp-content\/uploads\/2023\/01\/01-7.jpg\" alt=\"\" class=\"wp-image-10801\" srcset=\"https:\/\/radiostudiow.com.br\/site\/wp-content\/uploads\/2023\/01\/01-7.jpg 1600w, https:\/\/radiostudiow.com.br\/site\/wp-content\/uploads\/2023\/01\/01-7-300x225.jpg 300w, https:\/\/radiostudiow.com.br\/site\/wp-content\/uploads\/2023\/01\/01-7-1024x768.jpg 1024w, https:\/\/radiostudiow.com.br\/site\/wp-content\/uploads\/2023\/01\/01-7-768x576.jpg 768w, https:\/\/radiostudiow.com.br\/site\/wp-content\/uploads\/2023\/01\/01-7-1536x1152.jpg 1536w\" sizes=\"auto, (max-width: 1600px) 100vw, 1600px\" \/><\/figure>\n\n\n\n<figure class=\"wp-block-image size-full\"><img decoding=\"async\" data-id=\"10803\" src=\"https:\/\/radiostudiow.com.br\/site\/wp-content\/uploads\/2023\/01\/02-7.jpg\" alt=\"\" class=\"wp-image-10803\"\/><\/figure>\n\n\n\n<figure class=\"wp-block-image size-full\"><img decoding=\"async\" data-id=\"10800\" src=\"https:\/\/radiostudiow.com.br\/site\/wp-content\/uploads\/2023\/01\/03-4.jpg\" alt=\"\" class=\"wp-image-10800\"\/><\/figure>\n\n\n\n<figure class=\"wp-block-image size-full\"><img decoding=\"async\" data-id=\"10804\" src=\"https:\/\/radiostudiow.com.br\/site\/wp-content\/uploads\/2023\/01\/04-3.jpg\" alt=\"\" class=\"wp-image-10804\"\/><\/figure>\n\n\n\n<figure class=\"wp-block-image size-full\"><img decoding=\"async\" data-id=\"10802\" src=\"https:\/\/radiostudiow.com.br\/site\/wp-content\/uploads\/2023\/01\/05-1.jpg\" alt=\"\" class=\"wp-image-10802\"\/><\/figure>\n\n\n\n<figure class=\"wp-block-image size-full\"><img decoding=\"async\" data-id=\"10805\" src=\"https:\/\/radiostudiow.com.br\/site\/wp-content\/uploads\/2023\/01\/06-1.jpg\" alt=\"\" class=\"wp-image-10805\"\/><\/figure>\n<\/figure>\n\n\n\n<p class=\"has-text-color has-x-large-font-size\" style=\"color:#ffffff00\">.<\/p>\n\n\n\n<figure class=\"wp-block-video\"><video controls src=\"https:\/\/radiostudiow.com.br\/site\/wp-content\/uploads\/2023\/01\/01.mp4\"><\/video><\/figure>\n\n\n\n<p class=\"has-text-color has-x-large-font-size\" style=\"color:#ffffff38\">.<\/p>\n\n\n\n<p>Imagens: Pol\u00edcia Ambiental<\/p>\n","protected":false},"excerpt":{"rendered":"<p>. Nesta quarta-feira, dia 25 de janeiro, a Pol\u00edcia Ambiental atendeu a uma den\u00fancia de desmatamento de vegeta\u00e7\u00e3o nativa em uma propriedade na \u00e1rea rural de Imbituva. Segundo os policiais, foram desmatados cerca de 6 hectares de vegeta\u00e7\u00e3o nativa no local, em que foram utilizados trator esteira e motosserra para a realiza\u00e7\u00e3o do desmatamento, que [&hellip;]<\/p>\n","protected":false},"author":2,"featured_media":0,"comment_status":"open","ping_status":"open","sticky":false,"template":"","format":"standard","meta":{"footnotes":""},"categories":[2,185],"tags":[172],"class_list":["post-10799","post","type-post","status-publish","format-standard","hentry","category-policial","category-regional","tag-featured"],"amp_enabled":true,"_links":{"self":[{"href":"https:\/\/radiostudiow.com.br\/site\/wp-json\/wp\/v2\/posts\/10799","targetHints":{"allow":["GET"]}}],"collection":[{"href":"https:\/\/radiostudiow.com.br\/site\/wp-json\/wp\/v2\/posts"}],"about":[{"href":"https:\/\/radiostudiow.com.br\/site\/wp-json\/wp\/v2\/types\/post"}],"author":[{"embeddable":true,"href":"https:\/\/radiostudiow.com.br\/site\/wp-json\/wp\/v2\/users\/2"}],"replies":[{"embeddable":true,"href":"https:\/\/radiostudiow.com.br\/site\/wp-json\/wp\/v2\/comments?post=10799"}],"version-history":[{"count":2,"href":"https:\/\/radiostudiow.com.br\/site\/wp-json\/wp\/v2\/posts\/10799\/revisions"}],"predecessor-version":[{"id":10808,"href":"https:\/\/radiostudiow.com.br\/site\/wp-json\/wp\/v2\/posts\/10799\/revisions\/10808"}],"wp:attachment":[{"href":"https:\/\/radiostudiow.com.br\/site\/wp-json\/wp\/v2\/media?parent=10799"}],"wp:term":[{"taxonomy":"category","embeddable":true,"href":"https:\/\/radiostudiow.com.br\/site\/wp-json\/wp\/v2\/categories?post=10799"},{"taxonomy":"post_tag","embeddable":true,"href":"https:\/\/radiostudiow.com.br\/site\/wp-json\/wp\/v2\/tags?post=10799"}],"curies":[{"name":"wp","href":"https:\/\/api.w.org\/{rel}","templated":true}]}}