{"id":10819,"date":"2023-01-26T15:33:54","date_gmt":"2023-01-26T18:33:54","guid":{"rendered":"https:\/\/radiostudiow.com.br\/site\/?p=10819"},"modified":"2023-01-26T15:33:54","modified_gmt":"2023-01-26T18:33:54","slug":"adolescente-de-17-anos-e-pego-andando-em-alta-velocidade-pelas-ruas-de-general-carneiro-em-uma-moto-sem-placa","status":"publish","type":"post","link":"https:\/\/radiostudiow.com.br\/site\/2023\/01\/26\/adolescente-de-17-anos-e-pego-andando-em-alta-velocidade-pelas-ruas-de-general-carneiro-em-uma-moto-sem-placa\/","title":{"rendered":"Adolescente de 17 anos \u00e9 pego andando em alta velocidade pelas ruas de General Carneiro em uma moto sem placa"},"content":{"rendered":"<div class=\"wp-block-image\">\n<figure class=\"aligncenter size-full\"><img decoding=\"async\" src=\"https:\/\/radiostudiow.com.br\/site\/wp-content\/uploads\/2022\/06\/NUTRI-MALLET.jpg\" alt=\"\" class=\"wp-image-7772\"\/><\/figure>\n<\/div>\n\n\n<p class=\"has-text-color has-x-large-font-size\" style=\"color:#ffffff00\">.<\/p>\n\n\n\n<p>A equipe da Pol\u00edcia Militar de General Carneiro estava em patrulhamento nesta quarta-feira, dia 25 de janeiro, quando visualizou uma motocicleta em alta velocidade passando pela Avenida Get\u00falio Vargas que estava sem placa.<\/p>\n\n\n\n<p>De imediato a equipe iniciou uma persegui\u00e7\u00e3o ao motociclista, que foi at\u00e9 a Rua Francisco Costa, onde foi poss\u00edvel realizar a abordagem ao condutor.<\/p>\n\n\n\n<p>Na abordagem foi poss\u00edvel identificar que o motociclista era menor de idade, ele tinha 17 anos, mas nada de il\u00edcito foi encontrado no ve\u00edculo, a moto n\u00e3o possu\u00eda alerta de furto, sendo esta apreendida e levada ao p\u00e1tio do Pelot\u00e3o da Pol\u00edcia Militar de General Carneiro.<\/p>\n\n\n\n<p class=\"has-text-color has-x-large-font-size\" style=\"color:#ffffff00\">.<\/p>\n\n\n<div class=\"wp-block-image\">\n<figure class=\"aligncenter size-full\"><img decoding=\"async\" src=\"https:\/\/radiostudiow.com.br\/site\/wp-content\/uploads\/2022\/12\/800-2-1.gif\" alt=\"\" class=\"wp-image-10344\"\/><\/figure>\n<\/div>","protected":false},"excerpt":{"rendered":"<p>. A equipe da Pol\u00edcia Militar de General Carneiro estava em patrulhamento nesta quarta-feira, dia 25 de janeiro, quando visualizou uma motocicleta em alta velocidade passando pela Avenida Get\u00falio Vargas que estava sem placa. De imediato a equipe iniciou uma persegui\u00e7\u00e3o ao motociclista, que foi at\u00e9 a Rua Francisco Costa, onde foi poss\u00edvel realizar a [&hellip;]<\/p>\n","protected":false},"author":2,"featured_media":10820,"comment_status":"open","ping_status":"open","sticky":false,"template":"","format":"standard","meta":{"footnotes":""},"categories":[2,185],"tags":[172],"class_list":["post-10819","post","type-post","status-publish","format-standard","has-post-thumbnail","hentry","category-policial","category-regional","tag-featured"],"amp_enabled":true,"_links":{"self":[{"href":"https:\/\/radiostudiow.com.br\/site\/wp-json\/wp\/v2\/posts\/10819","targetHints":{"allow":["GET"]}}],"collection":[{"href":"https:\/\/radiostudiow.com.br\/site\/wp-json\/wp\/v2\/posts"}],"about":[{"href":"https:\/\/radiostudiow.com.br\/site\/wp-json\/wp\/v2\/types\/post"}],"author":[{"embeddable":true,"href":"https:\/\/radiostudiow.com.br\/site\/wp-json\/wp\/v2\/users\/2"}],"replies":[{"embeddable":true,"href":"https:\/\/radiostudiow.com.br\/site\/wp-json\/wp\/v2\/comments?post=10819"}],"version-history":[{"count":1,"href":"https:\/\/radiostudiow.com.br\/site\/wp-json\/wp\/v2\/posts\/10819\/revisions"}],"predecessor-version":[{"id":10821,"href":"https:\/\/radiostudiow.com.br\/site\/wp-json\/wp\/v2\/posts\/10819\/revisions\/10821"}],"wp:featuredmedia":[{"embeddable":true,"href":"https:\/\/radiostudiow.com.br\/site\/wp-json\/wp\/v2\/media\/10820"}],"wp:attachment":[{"href":"https:\/\/radiostudiow.com.br\/site\/wp-json\/wp\/v2\/media?parent=10819"}],"wp:term":[{"taxonomy":"category","embeddable":true,"href":"https:\/\/radiostudiow.com.br\/site\/wp-json\/wp\/v2\/categories?post=10819"},{"taxonomy":"post_tag","embeddable":true,"href":"https:\/\/radiostudiow.com.br\/site\/wp-json\/wp\/v2\/tags?post=10819"}],"curies":[{"name":"wp","href":"https:\/\/api.w.org\/{rel}","templated":true}]}}