{"id":10835,"date":"2023-01-27T11:29:47","date_gmt":"2023-01-27T14:29:47","guid":{"rendered":"https:\/\/radiostudiow.com.br\/site\/?p=10835"},"modified":"2023-01-27T11:29:47","modified_gmt":"2023-01-27T14:29:47","slug":"criancas-sao-levadas-para-upa-de-cruz-machado-com-diversas-lesoes-pelo-corpo","status":"publish","type":"post","link":"https:\/\/radiostudiow.com.br\/site\/2023\/01\/27\/criancas-sao-levadas-para-upa-de-cruz-machado-com-diversas-lesoes-pelo-corpo\/","title":{"rendered":"CRIAN\u00c7AS S\u00c3O LEVADAS PARA UPA DE CRUZ MACHADO COM DIVERSAS LES\u00d5ES PELO CORPO"},"content":{"rendered":"\n<figure class=\"wp-block-image size-large\"><img decoding=\"async\" src=\"https:\/\/radiostudiow.com.br\/site\/wp-content\/uploads\/2023\/01\/capa-1024x384.jpg\" alt=\"\" class=\"wp-image-10696\"\/><\/figure>\n\n\n\n<p class=\"has-text-color has-x-large-font-size\" style=\"color:#ffffff00\">.<\/p>\n\n\n\n<p>Nesta \u00faltima quinta-feira, dia 26 de janeiro, por volta das 17:20 Horas, a equipe do Conselho Tutelar de General Carneiro compareceu no pelot\u00e3o da Pol\u00edcia Militar do munic\u00edpio relatando um poss\u00edvel caso de les\u00e3o corporal em crian\u00e7as.<\/p>\n\n\n\n<p>Segundo os conselheiros, eles foram acionados pela UPA da cidade a pedido de uma m\u00e3e de duas crian\u00e7as, que no local relatou que seus filhos h\u00e1 algumas semanas apresentavam hematomas em seu corpo, onde a bab\u00e1 alegou apenas ser resultado de tombos sofridos pelas crian\u00e7as.<\/p>\n\n\n\n<p>Mas nesta quinta-feira, a m\u00e3e percebeu que seus filhos estavam com dores por todo o corpo, levando eles imediatamente a UPA, onde l\u00e1 o m\u00e9dico identificou hematomas nas costas, bra\u00e7os e cabe\u00e7a, al\u00e9m de contus\u00f5es em diversas partes em ambas as crian\u00e7as.<\/p>\n\n\n\n<p>Diante dos fatos, os Conselheiros Tutelares foram orientados a levar a m\u00e3e e as crian\u00e7as at\u00e9 a cidade de Uni\u00e3o da Vit\u00f3ria para a realiza\u00e7\u00e3o dos procedimentos cab\u00edveis junto a Pol\u00edcia Civil e o IML.<\/p>\n\n\n\n<p class=\"has-text-color has-x-large-font-size\" style=\"color:#ffffff00\">.<\/p>\n\n\n\n<figure class=\"wp-block-image size-full\"><img decoding=\"async\" src=\"https:\/\/radiostudiow.com.br\/site\/wp-content\/uploads\/2022\/06\/vem_ai.jpg\" alt=\"\" class=\"wp-image-7789\"\/><\/figure>\n","protected":false},"excerpt":{"rendered":"<p>. Nesta \u00faltima quinta-feira, dia 26 de janeiro, por volta das 17:20 Horas, a equipe do Conselho Tutelar de General Carneiro compareceu no pelot\u00e3o da Pol\u00edcia Militar do munic\u00edpio relatando um poss\u00edvel caso de les\u00e3o corporal em crian\u00e7as. Segundo os conselheiros, eles foram acionados pela UPA da cidade a pedido de uma m\u00e3e de duas [&hellip;]<\/p>\n","protected":false},"author":2,"featured_media":10695,"comment_status":"open","ping_status":"open","sticky":false,"template":"","format":"standard","meta":{"footnotes":""},"categories":[2,185],"tags":[172],"class_list":["post-10835","post","type-post","status-publish","format-standard","has-post-thumbnail","hentry","category-policial","category-regional","tag-featured"],"amp_enabled":true,"_links":{"self":[{"href":"https:\/\/radiostudiow.com.br\/site\/wp-json\/wp\/v2\/posts\/10835","targetHints":{"allow":["GET"]}}],"collection":[{"href":"https:\/\/radiostudiow.com.br\/site\/wp-json\/wp\/v2\/posts"}],"about":[{"href":"https:\/\/radiostudiow.com.br\/site\/wp-json\/wp\/v2\/types\/post"}],"author":[{"embeddable":true,"href":"https:\/\/radiostudiow.com.br\/site\/wp-json\/wp\/v2\/users\/2"}],"replies":[{"embeddable":true,"href":"https:\/\/radiostudiow.com.br\/site\/wp-json\/wp\/v2\/comments?post=10835"}],"version-history":[{"count":1,"href":"https:\/\/radiostudiow.com.br\/site\/wp-json\/wp\/v2\/posts\/10835\/revisions"}],"predecessor-version":[{"id":10836,"href":"https:\/\/radiostudiow.com.br\/site\/wp-json\/wp\/v2\/posts\/10835\/revisions\/10836"}],"wp:featuredmedia":[{"embeddable":true,"href":"https:\/\/radiostudiow.com.br\/site\/wp-json\/wp\/v2\/media\/10695"}],"wp:attachment":[{"href":"https:\/\/radiostudiow.com.br\/site\/wp-json\/wp\/v2\/media?parent=10835"}],"wp:term":[{"taxonomy":"category","embeddable":true,"href":"https:\/\/radiostudiow.com.br\/site\/wp-json\/wp\/v2\/categories?post=10835"},{"taxonomy":"post_tag","embeddable":true,"href":"https:\/\/radiostudiow.com.br\/site\/wp-json\/wp\/v2\/tags?post=10835"}],"curies":[{"name":"wp","href":"https:\/\/api.w.org\/{rel}","templated":true}]}}