{"id":10842,"date":"2023-01-27T16:03:04","date_gmt":"2023-01-27T19:03:04","guid":{"rendered":"https:\/\/radiostudiow.com.br\/site\/?p=10842"},"modified":"2025-01-31T15:09:40","modified_gmt":"2025-01-31T18:09:40","slug":"dois-casos-de-destruicao-de-vegetacao-nativa-sao-constatados-na-cidade-de-pinhao","status":"publish","type":"post","link":"https:\/\/radiostudiow.com.br\/site\/2023\/01\/27\/dois-casos-de-destruicao-de-vegetacao-nativa-sao-constatados-na-cidade-de-pinhao\/","title":{"rendered":"DOIS CASOS DE DESTRUI\u00c7\u00c3O DE VEGETA\u00c7\u00c3O NATIVA S\u00c3O CONSTATADOS NA CIDADE DE PINH\u00c3O"},"content":{"rendered":"\n<p>Neste \u00faltimo dia 26 de janeiro, Policiais Ambientais atenderam duas ocorr\u00eancias de destrui\u00e7\u00e3o de vegeta\u00e7\u00e3o natural na cidade de Pinh\u00e3o, sendo que um deles chegou at\u00e9 a atingir uma \u00c1rea de Preserva\u00e7\u00e3o Permanente.<\/p>\n\n\n\n<p class=\"has-text-color has-x-large-font-size\" style=\"color:#ffffff00\">.<\/p>\n\n\n<div class=\"wp-block-image\">\n<figure class=\"aligncenter size-full\"><img decoding=\"async\" src=\"https:\/\/radiostudiow.com.br\/site\/wp-content\/uploads\/2022\/06\/SICREDI.jpg\" alt=\"\" class=\"wp-image-7695\"\/><\/figure>\n<\/div>\n\n\n<p class=\"has-text-color has-x-large-font-size\" style=\"color:#ffffff00\">.<\/p>\n\n\n\n<p>Em atendimento a den\u00fancia, policiais ambientais constataram em uma propriedade rural na localidade de Faxinal dos Ribeiros, munic\u00edpio de Pinh\u00e3o-PR, a destrui\u00e7\u00e3o de vegeta\u00e7\u00e3o nativa mediante destoca e uso de fogo em \u00e1rea correspondente a 3,7 hectares atingindo Imbuia \u2013 esp\u00e9cie de \u00e1rvore amea\u00e7ada de extin\u00e7\u00e3o.\u00a0<\/p>\n\n\n\n<p>Em outra propriedade na localidade de Lajeado Feio, policiais ambientais tamb\u00e9m constataram a destrui\u00e7\u00e3o de vegeta\u00e7\u00e3o nativa mediante destoca e uso de fogo e ainda atingindo uma \u00e1rea de preserva\u00e7\u00e3o permanente e \u00c1rvores da esp\u00e9cie amea\u00e7ada de extin\u00e7\u00e3o Imbuia, em \u00e1rea correspondente\u00a0a 15,32 hectares.<\/p>\n\n\n\n<p>Devido os propriet\u00e1rios n\u00e3o possu\u00edrem autoriza\u00e7\u00e3o ambiental, foram multados no valor de R$ 56.000,00 e R$ 216.000,00 respectivamente e responder\u00e3o criminalmente pelos danos.<\/p>\n\n\n\n<p class=\"has-text-color has-x-large-font-size\" style=\"color:#ffffff00\">.<\/p>\n\n\n<div class=\"wp-block-image\">\n<figure class=\"aligncenter size-full\"><img decoding=\"async\" src=\"https:\/\/radiostudiow.com.br\/site\/wp-content\/uploads\/2022\/12\/800-2-1.gif\" alt=\"\" class=\"wp-image-10344\"\/><\/figure>\n<\/div>\n\n\n<p><\/p>\n\n\n\n<figure class=\"wp-block-gallery aligncenter has-nested-images columns-1 wp-block-gallery-1 is-layout-flex wp-block-gallery-is-layout-flex\">\n<figure class=\"wp-block-image size-full\"><img decoding=\"async\" data-id=\"10846\" src=\"https:\/\/radiostudiow.com.br\/site\/wp-content\/uploads\/2023\/01\/01-10.jpg\" alt=\"\" class=\"wp-image-10846\"\/><\/figure>\n\n\n\n<figure class=\"wp-block-image size-full\"><img decoding=\"async\" data-id=\"10843\" src=\"https:\/\/radiostudiow.com.br\/site\/wp-content\/uploads\/2023\/01\/02-10.jpg\" alt=\"\" class=\"wp-image-10843\"\/><\/figure>\n\n\n\n<figure class=\"wp-block-image size-full\"><img loading=\"lazy\" decoding=\"async\" width=\"1600\" height=\"1200\" data-id=\"10844\" src=\"https:\/\/radiostudiow.com.br\/site\/wp-content\/uploads\/2023\/01\/03-7.jpg\" alt=\"\" class=\"wp-image-10844\" srcset=\"https:\/\/radiostudiow.com.br\/site\/wp-content\/uploads\/2023\/01\/03-7.jpg 1600w, https:\/\/radiostudiow.com.br\/site\/wp-content\/uploads\/2023\/01\/03-7-300x225.jpg 300w, https:\/\/radiostudiow.com.br\/site\/wp-content\/uploads\/2023\/01\/03-7-1024x768.jpg 1024w, https:\/\/radiostudiow.com.br\/site\/wp-content\/uploads\/2023\/01\/03-7-768x576.jpg 768w, https:\/\/radiostudiow.com.br\/site\/wp-content\/uploads\/2023\/01\/03-7-1536x1152.jpg 1536w\" sizes=\"auto, (max-width: 1600px) 100vw, 1600px\" \/><\/figure>\n\n\n\n<figure class=\"wp-block-image size-full\"><img loading=\"lazy\" decoding=\"async\" width=\"1600\" height=\"1200\" data-id=\"10845\" src=\"https:\/\/radiostudiow.com.br\/site\/wp-content\/uploads\/2023\/01\/04-6.jpg\" alt=\"\" class=\"wp-image-10845\" srcset=\"https:\/\/radiostudiow.com.br\/site\/wp-content\/uploads\/2023\/01\/04-6.jpg 1600w, https:\/\/radiostudiow.com.br\/site\/wp-content\/uploads\/2023\/01\/04-6-300x225.jpg 300w, https:\/\/radiostudiow.com.br\/site\/wp-content\/uploads\/2023\/01\/04-6-1024x768.jpg 1024w, https:\/\/radiostudiow.com.br\/site\/wp-content\/uploads\/2023\/01\/04-6-768x576.jpg 768w, https:\/\/radiostudiow.com.br\/site\/wp-content\/uploads\/2023\/01\/04-6-1536x1152.jpg 1536w\" sizes=\"auto, (max-width: 1600px) 100vw, 1600px\" \/><\/figure>\n\n\n\n<figure class=\"wp-block-image size-full\"><img decoding=\"async\" data-id=\"10847\" src=\"https:\/\/radiostudiow.com.br\/site\/wp-content\/uploads\/2023\/01\/05-3.jpg\" alt=\"\" class=\"wp-image-10847\"\/><\/figure>\n<\/figure>\n","protected":false},"excerpt":{"rendered":"<p>Neste \u00faltimo dia 26 de janeiro, Policiais Ambientais atenderam duas ocorr\u00eancias de destrui\u00e7\u00e3o de vegeta\u00e7\u00e3o natural na cidade de Pinh\u00e3o, sendo que um deles chegou at\u00e9 a atingir uma \u00c1rea de Preserva\u00e7\u00e3o Permanente. . . Em atendimento a den\u00fancia, policiais ambientais constataram em uma propriedade rural na localidade de Faxinal dos Ribeiros, munic\u00edpio de Pinh\u00e3o-PR, [&hellip;]<\/p>\n","protected":false},"author":2,"featured_media":0,"comment_status":"open","ping_status":"open","sticky":false,"template":"","format":"standard","meta":{"footnotes":""},"categories":[2,185],"tags":[172],"class_list":["post-10842","post","type-post","status-publish","format-standard","hentry","category-policial","category-regional","tag-featured"],"amp_enabled":true,"_links":{"self":[{"href":"https:\/\/radiostudiow.com.br\/site\/wp-json\/wp\/v2\/posts\/10842","targetHints":{"allow":["GET"]}}],"collection":[{"href":"https:\/\/radiostudiow.com.br\/site\/wp-json\/wp\/v2\/posts"}],"about":[{"href":"https:\/\/radiostudiow.com.br\/site\/wp-json\/wp\/v2\/types\/post"}],"author":[{"embeddable":true,"href":"https:\/\/radiostudiow.com.br\/site\/wp-json\/wp\/v2\/users\/2"}],"replies":[{"embeddable":true,"href":"https:\/\/radiostudiow.com.br\/site\/wp-json\/wp\/v2\/comments?post=10842"}],"version-history":[{"count":1,"href":"https:\/\/radiostudiow.com.br\/site\/wp-json\/wp\/v2\/posts\/10842\/revisions"}],"predecessor-version":[{"id":10848,"href":"https:\/\/radiostudiow.com.br\/site\/wp-json\/wp\/v2\/posts\/10842\/revisions\/10848"}],"wp:attachment":[{"href":"https:\/\/radiostudiow.com.br\/site\/wp-json\/wp\/v2\/media?parent=10842"}],"wp:term":[{"taxonomy":"category","embeddable":true,"href":"https:\/\/radiostudiow.com.br\/site\/wp-json\/wp\/v2\/categories?post=10842"},{"taxonomy":"post_tag","embeddable":true,"href":"https:\/\/radiostudiow.com.br\/site\/wp-json\/wp\/v2\/tags?post=10842"}],"curies":[{"name":"wp","href":"https:\/\/api.w.org\/{rel}","templated":true}]}}