{"id":10860,"date":"2023-01-30T10:28:42","date_gmt":"2023-01-30T13:28:42","guid":{"rendered":"https:\/\/radiostudiow.com.br\/site\/?p=10860"},"modified":"2025-01-31T15:09:40","modified_gmt":"2025-01-31T18:09:40","slug":"homem-e-preso-apos-furtar-tv-para-trocar-por-drogas-em-sao-mateus-do-sul","status":"publish","type":"post","link":"https:\/\/radiostudiow.com.br\/site\/2023\/01\/30\/homem-e-preso-apos-furtar-tv-para-trocar-por-drogas-em-sao-mateus-do-sul\/","title":{"rendered":"Homem \u00e9 preso ap\u00f3s furtar TV para trocar por drogas em S\u00e3o Mateus do Sul"},"content":{"rendered":"\n<figure class=\"wp-block-image size-large\"><img decoding=\"async\" src=\"https:\/\/radiostudiow.com.br\/site\/wp-content\/uploads\/2023\/01\/capa-1024x384.jpg\" alt=\"\" class=\"wp-image-10696\"\/><\/figure>\n\n\n\n<p class=\"has-text-color has-x-large-font-size\" style=\"color:#ffffff00\">.<\/p>\n\n\n\n<p>A equipe da Pol\u00edcia Militar de S\u00e3o Mateus do Sul foi acionada neste s\u00e1bado (28) para atender a uma ocorr\u00eancia de furto em um restaurante, na Vila Amaral.<\/p>\n\n\n\n<p>No local, o solicitante disse que um homem teria pedido para pernoitar em um dos quartos do estabelecimento, quando pela manh\u00e3 foi at\u00e9 o quarto alugado, o mesmo n\u00e3o estava no local e que havia levado uma smart TV.<\/p>\n\n\n\n<p>Em posse de informa\u00e7\u00f5es, os policiais encontraram o suspeito, por\u00e9m o objeto n\u00e3o foi localizado. Ao ser questionado sobre o ocorrido, o mesmo confessou que havia furtado a televis\u00e3o e que teria ido at\u00e9 um ponto de tr\u00e1fico de drogas e trocado por coca\u00edna.<\/p>\n\n\n\n<p>Diante dos fatos, os envolvidos foram encaminhados \u00e0 3\u00aa Subdivis\u00e3o Policial para procedimentos cab\u00edveis.<\/p>\n\n\n\n<p>Fonte: <a href=\"https:\/\/portalrdx.com.br\/29\/01\/2023\/homem-e-preso-apos-furtar-tv-para-trocar-por-drogas-na-vila-amaral\/\" data-type=\"URL\" data-id=\"https:\/\/portalrdx.com.br\/29\/01\/2023\/homem-e-preso-apos-furtar-tv-para-trocar-por-drogas-na-vila-amaral\/\" target=\"_blank\" rel=\"noreferrer noopener\">Portal RDX<\/a><\/p>\n\n\n\n<p class=\"has-text-color has-x-large-font-size\" style=\"color:#ffffff00\">.<\/p>\n\n\n\n<figure class=\"wp-block-image size-full\"><img decoding=\"async\" src=\"https:\/\/radiostudiow.com.br\/site\/wp-content\/uploads\/2022\/06\/NUTRI-MALLET.jpg\" alt=\"\" class=\"wp-image-7772\"\/><\/figure>\n","protected":false},"excerpt":{"rendered":"<p>. A equipe da Pol\u00edcia Militar de S\u00e3o Mateus do Sul foi acionada neste s\u00e1bado (28) para atender a uma ocorr\u00eancia de furto em um restaurante, na Vila Amaral. No local, o solicitante disse que um homem teria pedido para pernoitar em um dos quartos do estabelecimento, quando pela manh\u00e3 foi at\u00e9 o quarto alugado, [&hellip;]<\/p>\n","protected":false},"author":2,"featured_media":10820,"comment_status":"open","ping_status":"open","sticky":false,"template":"","format":"standard","meta":{"footnotes":""},"categories":[2,185],"tags":[172],"class_list":["post-10860","post","type-post","status-publish","format-standard","has-post-thumbnail","hentry","category-policial","category-regional","tag-featured"],"amp_enabled":true,"_links":{"self":[{"href":"https:\/\/radiostudiow.com.br\/site\/wp-json\/wp\/v2\/posts\/10860","targetHints":{"allow":["GET"]}}],"collection":[{"href":"https:\/\/radiostudiow.com.br\/site\/wp-json\/wp\/v2\/posts"}],"about":[{"href":"https:\/\/radiostudiow.com.br\/site\/wp-json\/wp\/v2\/types\/post"}],"author":[{"embeddable":true,"href":"https:\/\/radiostudiow.com.br\/site\/wp-json\/wp\/v2\/users\/2"}],"replies":[{"embeddable":true,"href":"https:\/\/radiostudiow.com.br\/site\/wp-json\/wp\/v2\/comments?post=10860"}],"version-history":[{"count":1,"href":"https:\/\/radiostudiow.com.br\/site\/wp-json\/wp\/v2\/posts\/10860\/revisions"}],"predecessor-version":[{"id":10861,"href":"https:\/\/radiostudiow.com.br\/site\/wp-json\/wp\/v2\/posts\/10860\/revisions\/10861"}],"wp:featuredmedia":[{"embeddable":true,"href":"https:\/\/radiostudiow.com.br\/site\/wp-json\/wp\/v2\/media\/10820"}],"wp:attachment":[{"href":"https:\/\/radiostudiow.com.br\/site\/wp-json\/wp\/v2\/media?parent=10860"}],"wp:term":[{"taxonomy":"category","embeddable":true,"href":"https:\/\/radiostudiow.com.br\/site\/wp-json\/wp\/v2\/categories?post=10860"},{"taxonomy":"post_tag","embeddable":true,"href":"https:\/\/radiostudiow.com.br\/site\/wp-json\/wp\/v2\/tags?post=10860"}],"curies":[{"name":"wp","href":"https:\/\/api.w.org\/{rel}","templated":true}]}}