{"id":10862,"date":"2023-01-30T12:03:20","date_gmt":"2023-01-30T15:03:20","guid":{"rendered":"https:\/\/radiostudiow.com.br\/site\/?p=10862"},"modified":"2025-01-31T15:09:40","modified_gmt":"2025-01-31T18:09:40","slug":"equipe-da-policia-militar-de-cruz-machado-atende-caso-de-violencia-domestica-com-disparo-de-arma-de-fogo","status":"publish","type":"post","link":"https:\/\/radiostudiow.com.br\/site\/2023\/01\/30\/equipe-da-policia-militar-de-cruz-machado-atende-caso-de-violencia-domestica-com-disparo-de-arma-de-fogo\/","title":{"rendered":"Equipe da Pol\u00edcia Militar de Cruz Machado atende caso de viol\u00eancia dom\u00e9stica com disparo de arma de fogo"},"content":{"rendered":"\n<figure class=\"wp-block-image size-full\"><img decoding=\"async\" src=\"https:\/\/radiostudiow.com.br\/site\/wp-content\/uploads\/2022\/06\/SICREDI.jpg\" alt=\"\" class=\"wp-image-7695\"\/><\/figure>\n\n\n\n<p class=\"has-text-color has-large-font-size\" style=\"color:#ffffff00\">.<\/p>\n\n\n\n<p class=\"has-medium-font-size\">Neste domingo, dia 29 de janeiro, por volta das 13:30H, a equipe da Pol\u00edcia Militar de Cruz Machado se deslocou at\u00e9 uma casa para atender a uma ocorr\u00eancia de viol\u00eancia dom\u00e9stica.<\/p>\n\n\n\n<p class=\"has-medium-font-size\">Segundo a v\u00edtima, o seu marido depredou o im\u00f3vel, amea\u00e7ou ela e efetuou um disparo com uma arma de fogo dentro da resid\u00eancia. Ao chegar no local, a equipe da PM percebeu que a v\u00edtima estava bastante assustada, junto com uma crian\u00e7a de 6 anos, a qual presenciou toda a situa\u00e7\u00e3o.<\/p>\n\n\n\n<p class=\"has-medium-font-size\">Entrando na resid\u00eancia, foi realizada a abordagem no agressor, o qual estava muito violento, tendo que ser utilizada uma algema para cont\u00ea-lo. No local foi poss\u00edvel encontrar dois cartuchos de muni\u00e7\u00e3o, sendo que um deles estava vazio, e o outro cheio. Ainda foi feita uma busca pela casa e arredores pela arma, mas n\u00e3o foi poss\u00edvel encontr\u00e1-la.<\/p>\n\n\n\n<p class=\"has-medium-font-size\">A v\u00edtima relatou que ap\u00f3s seu marido ter efetuado o disparo, ainda tentou lhe agredir com uma coronhada. Ela relata que v\u00eam sofrendo agress\u00f5es h\u00e1 alguns anos, mas nunca havia denunciado, pois temia por sua vida, e pela vida de seu filho, j\u00e1 que havia ouvido amea\u00e7as de morte por parte do agressor frequentemente.<\/p>\n\n\n\n<p class=\"has-medium-font-size\">O homem j\u00e1 havia passagens pela pol\u00edcia por porte ilegal de arma de fogo, al\u00e9m de les\u00e3o corporal.<\/p>\n\n\n\n<p class=\"has-medium-font-size\">Diante dos fatos, as partes e as muni\u00e7\u00f5es foram encaminhadas at\u00e9 a 4\u00aa SDP, para a aplica\u00e7\u00e3o das provid\u00eancias cab\u00edveis.<\/p>\n\n\n\n<p class=\"has-text-color has-x-large-font-size\" style=\"color:#ffffff00\">.<\/p>\n\n\n\n<figure class=\"wp-block-image size-full\"><img decoding=\"async\" src=\"https:\/\/radiostudiow.com.br\/site\/wp-content\/uploads\/2022\/06\/vem_ai.jpg\" alt=\"\" class=\"wp-image-7789\"\/><\/figure>\n","protected":false},"excerpt":{"rendered":"<p>. Neste domingo, dia 29 de janeiro, por volta das 13:30H, a equipe da Pol\u00edcia Militar de Cruz Machado se deslocou at\u00e9 uma casa para atender a uma ocorr\u00eancia de viol\u00eancia dom\u00e9stica. Segundo a v\u00edtima, o seu marido depredou o im\u00f3vel, amea\u00e7ou ela e efetuou um disparo com uma arma de fogo dentro da resid\u00eancia. [&hellip;]<\/p>\n","protected":false},"author":2,"featured_media":10695,"comment_status":"open","ping_status":"open","sticky":false,"template":"","format":"standard","meta":{"footnotes":""},"categories":[2,185],"tags":[172],"class_list":["post-10862","post","type-post","status-publish","format-standard","has-post-thumbnail","hentry","category-policial","category-regional","tag-featured"],"amp_enabled":true,"_links":{"self":[{"href":"https:\/\/radiostudiow.com.br\/site\/wp-json\/wp\/v2\/posts\/10862","targetHints":{"allow":["GET"]}}],"collection":[{"href":"https:\/\/radiostudiow.com.br\/site\/wp-json\/wp\/v2\/posts"}],"about":[{"href":"https:\/\/radiostudiow.com.br\/site\/wp-json\/wp\/v2\/types\/post"}],"author":[{"embeddable":true,"href":"https:\/\/radiostudiow.com.br\/site\/wp-json\/wp\/v2\/users\/2"}],"replies":[{"embeddable":true,"href":"https:\/\/radiostudiow.com.br\/site\/wp-json\/wp\/v2\/comments?post=10862"}],"version-history":[{"count":1,"href":"https:\/\/radiostudiow.com.br\/site\/wp-json\/wp\/v2\/posts\/10862\/revisions"}],"predecessor-version":[{"id":10863,"href":"https:\/\/radiostudiow.com.br\/site\/wp-json\/wp\/v2\/posts\/10862\/revisions\/10863"}],"wp:featuredmedia":[{"embeddable":true,"href":"https:\/\/radiostudiow.com.br\/site\/wp-json\/wp\/v2\/media\/10695"}],"wp:attachment":[{"href":"https:\/\/radiostudiow.com.br\/site\/wp-json\/wp\/v2\/media?parent=10862"}],"wp:term":[{"taxonomy":"category","embeddable":true,"href":"https:\/\/radiostudiow.com.br\/site\/wp-json\/wp\/v2\/categories?post=10862"},{"taxonomy":"post_tag","embeddable":true,"href":"https:\/\/radiostudiow.com.br\/site\/wp-json\/wp\/v2\/tags?post=10862"}],"curies":[{"name":"wp","href":"https:\/\/api.w.org\/{rel}","templated":true}]}}