{"id":10864,"date":"2023-01-30T15:59:00","date_gmt":"2023-01-30T18:59:00","guid":{"rendered":"https:\/\/radiostudiow.com.br\/site\/?p=10864"},"modified":"2025-01-31T15:09:40","modified_gmt":"2025-01-31T18:09:40","slug":"filho-ameaca-pais-com-facao-e-quebra-a-casa-deles-em-paulo-frontin","status":"publish","type":"post","link":"https:\/\/radiostudiow.com.br\/site\/2023\/01\/30\/filho-ameaca-pais-com-facao-e-quebra-a-casa-deles-em-paulo-frontin\/","title":{"rendered":"Filho amea\u00e7a pais com fac\u00e3o e quebra a casa deles em Paulo Frontin"},"content":{"rendered":"\n<figure class=\"wp-block-image size-full\"><img decoding=\"async\" src=\"https:\/\/radiostudiow.com.br\/site\/wp-content\/uploads\/2022\/05\/SEPAC.jpg\" alt=\"\" class=\"wp-image-7600\"\/><\/figure>\n\n\n\n<p class=\"has-text-color has-x-large-font-size\" style=\"color:#ffffff00\">.<\/p>\n\n\n\n<p class=\"has-medium-font-size\">A equipe da Pol\u00edcia Militar de Paulo Frontin foi acionada na \u00faltima sexta-feira, dia 27 de janeiro, na entrada do Bairro Barreiros para atender uma ocorr\u00eancia de amea\u00e7a e danos \u00e0 propriedade, feita pelo filho da v\u00edtima.<\/p>\n\n\n\n<p class=\"has-medium-font-size\">Segundo o solicitante, seu filho teria chegado \u00e0 resid\u00eancia alterado, come\u00e7ando a amea\u00e7ar seus pais, e logo ap\u00f3s iniciou a destruir a casa. A equipe se deslocou at\u00e9 o local e constatou danos nas janelas, m\u00e1quina de lavar, fog\u00e3o e pia da resid\u00eancia. O senhor ainda relatou que o seu filho lhe amea\u00e7ou com um fac\u00e3o, mas n\u00e3o chegou desferir algum golpe contra ele<\/p>\n\n\n\n<p class=\"has-medium-font-size\">Foram realizados patrulhamentos na regi\u00e3o com o objetivo de procurar o autor dos danos, mas n\u00e3o houve sucesso em encontrar ele. A v\u00edtima foi orientada sobre os procedimentos cab\u00edveis.<\/p>\n\n\n\n<p class=\"has-text-color has-x-large-font-size\" style=\"color:#ffffff00\">.<\/p>\n\n\n\n<figure class=\"wp-block-image size-full\"><img decoding=\"async\" src=\"https:\/\/radiostudiow.com.br\/site\/wp-content\/uploads\/2022\/06\/SICREDI.jpg\" alt=\"\" class=\"wp-image-7695\"\/><\/figure>\n","protected":false},"excerpt":{"rendered":"<p>. A equipe da Pol\u00edcia Militar de Paulo Frontin foi acionada na \u00faltima sexta-feira, dia 27 de janeiro, na entrada do Bairro Barreiros para atender uma ocorr\u00eancia de amea\u00e7a e danos \u00e0 propriedade, feita pelo filho da v\u00edtima. Segundo o solicitante, seu filho teria chegado \u00e0 resid\u00eancia alterado, come\u00e7ando a amea\u00e7ar seus pais, e logo [&hellip;]<\/p>\n","protected":false},"author":2,"featured_media":5594,"comment_status":"open","ping_status":"open","sticky":false,"template":"","format":"standard","meta":{"footnotes":""},"categories":[2,185],"tags":[172],"class_list":["post-10864","post","type-post","status-publish","format-standard","has-post-thumbnail","hentry","category-policial","category-regional","tag-featured"],"amp_enabled":true,"_links":{"self":[{"href":"https:\/\/radiostudiow.com.br\/site\/wp-json\/wp\/v2\/posts\/10864","targetHints":{"allow":["GET"]}}],"collection":[{"href":"https:\/\/radiostudiow.com.br\/site\/wp-json\/wp\/v2\/posts"}],"about":[{"href":"https:\/\/radiostudiow.com.br\/site\/wp-json\/wp\/v2\/types\/post"}],"author":[{"embeddable":true,"href":"https:\/\/radiostudiow.com.br\/site\/wp-json\/wp\/v2\/users\/2"}],"replies":[{"embeddable":true,"href":"https:\/\/radiostudiow.com.br\/site\/wp-json\/wp\/v2\/comments?post=10864"}],"version-history":[{"count":1,"href":"https:\/\/radiostudiow.com.br\/site\/wp-json\/wp\/v2\/posts\/10864\/revisions"}],"predecessor-version":[{"id":10865,"href":"https:\/\/radiostudiow.com.br\/site\/wp-json\/wp\/v2\/posts\/10864\/revisions\/10865"}],"wp:featuredmedia":[{"embeddable":true,"href":"https:\/\/radiostudiow.com.br\/site\/wp-json\/wp\/v2\/media\/5594"}],"wp:attachment":[{"href":"https:\/\/radiostudiow.com.br\/site\/wp-json\/wp\/v2\/media?parent=10864"}],"wp:term":[{"taxonomy":"category","embeddable":true,"href":"https:\/\/radiostudiow.com.br\/site\/wp-json\/wp\/v2\/categories?post=10864"},{"taxonomy":"post_tag","embeddable":true,"href":"https:\/\/radiostudiow.com.br\/site\/wp-json\/wp\/v2\/tags?post=10864"}],"curies":[{"name":"wp","href":"https:\/\/api.w.org\/{rel}","templated":true}]}}