{"id":10881,"date":"2023-01-31T09:47:16","date_gmt":"2023-01-31T12:47:16","guid":{"rendered":"https:\/\/radiostudiow.com.br\/site\/?p=10881"},"modified":"2025-01-31T15:09:40","modified_gmt":"2025-01-31T18:09:40","slug":"duas-pessoas-morrem-apos-caminhoes-baterem-de-frente-na-br-476-em-araucaria","status":"publish","type":"post","link":"https:\/\/radiostudiow.com.br\/site\/2023\/01\/31\/duas-pessoas-morrem-apos-caminhoes-baterem-de-frente-na-br-476-em-araucaria\/","title":{"rendered":"Duas pessoas morrem ap\u00f3s caminh\u00f5es baterem de frente, na BR-476, em Arauc\u00e1ria"},"content":{"rendered":"\n<figure class=\"wp-block-image size-large\"><img decoding=\"async\" src=\"https:\/\/radiostudiow.com.br\/site\/wp-content\/uploads\/2023\/01\/capa-1024x384.jpg\" alt=\"\" class=\"wp-image-10696\"\/><\/figure>\n\n\n\n<p class=\"has-text-color has-large-font-size\" style=\"color:#ffffff00\">.<\/p>\n\n\n\n<p class=\"has-medium-font-size\">Duas pessoas morreram em um grave acidente envolvendo dois caminh\u00f5es na Rodovia do Xisto, na BR-476, em Arauc\u00e1ria, na regi\u00e3o metropolitana de Curitiba. <a rel=\"noreferrer noopener\" href=\"https:\/\/radiostudiow.com.br\/site\/2023\/01\/30\/imagens-impressionantes-camera-de-seguranca-captura-momento-exato-da-batida-entre-duas-carretas-na-br-476\/\" data-type=\"URL\" data-id=\"https:\/\/radiostudiow.com.br\/site\/2023\/01\/30\/imagens-impressionantes-camera-de-seguranca-captura-momento-exato-da-batida-entre-duas-carretas-na-br-476\/\" target=\"_blank\">C\u00e2meras de seguran\u00e7a flagraram a batida.<\/a><\/p>\n\n\n\n<p class=\"has-text-color has-small-font-size\" style=\"color:#ffffff00\">.<\/p>\n\n\n\n<figure class=\"wp-block-video aligncenter\"><video controls src=\"https:\/\/radiostudiow.com.br\/site\/wp-content\/uploads\/2023\/01\/acidente-araucaria.mp4\"><\/video><figcaption class=\"wp-element-caption\">V\u00eddeo:&nbsp;<a rel=\"noreferrer noopener\" href=\"https:\/\/fb.watch\/in_yCVjqeD\/\" target=\"_blank\">Canal Araucity<\/a><\/figcaption><\/figure>\n\n\n\n<p class=\"has-text-color has-small-font-size\" style=\"color:#ffffff00\">.<\/p>\n\n\n\n<p class=\"has-medium-font-size\">O acidente foi registrado no final da tarde de segunda-feira (30). De acordo com a Pol\u00edcia Rodovi\u00e1ria Federal (PRF), dois caminh\u00f5es bateram de frente e um dos motoristas morreu na hora. O outro condutor foi socorrido, mas n\u00e3o resistiu aos ferimentos.<\/p>\n\n\n\n<p class=\"has-medium-font-size\">Nas imagens \u00e9 poss\u00edvel ver um dos caminh\u00f5es trafegando em um trecho de reta, sentido Lapa, quando bate de frente com outro caminh\u00e3o que seguia sentido Arauc\u00e1ria.<\/p>\n\n\n\n<p class=\"has-medium-font-size\">A cabine de um dos ve\u00edculos se solta e cai em cima de um carro que seguia atr\u00e1s do caminh\u00e3o que estava no sentido Lapa. Na sequ\u00eancia, uma cortina de poeira se levanta.<\/p>\n\n\n\n<p class=\"has-text-color has-small-font-size\" style=\"color:#ffffff00\">.<\/p>\n\n\n<div class=\"wp-block-image\">\n<figure class=\"aligncenter size-full\"><img decoding=\"async\" src=\"https:\/\/radiostudiow.com.br\/site\/wp-content\/uploads\/2022\/06\/SICREDI.jpg\" alt=\"\" class=\"wp-image-7695\"\/><\/figure>\n<\/div>\n\n\n<p class=\"has-text-color has-small-font-size\" style=\"color:#ffffff00\">.<\/p>\n\n\n\n<p class=\"has-medium-font-size\">O condutor do carro n\u00e3o ficou ferido, conforme a corpora\u00e7\u00e3o.<\/p>\n\n\n\n<p class=\"has-medium-font-size\">Conforme os agentes, um dos ve\u00edculos estava carregado com fertilizantes e o outro com calc\u00e1rio. As cargas ficaram espalhadas no trecho das duas pistas.<\/p>\n\n\n\n<p class=\"has-medium-font-size\">Os caminh\u00f5es foram identificados com placas de Chapec\u00f3, Santa Catarina e de Palmeira, nos campos gerais do estado.<\/p>\n\n\n\n<p class=\"has-medium-font-size\">A rodovia, que \u00e9 de pista simples, ficou interditada por 7 horas e foi liberada no come\u00e7o da madrugada desta ter\u00e7a-feira (31), segundo a pol\u00edcia. A fila de ve\u00edculos chegou a 10 quil\u00f4metros.<\/p>\n\n\n\n<p class=\"has-medium-font-size\">As causas do acidente ser\u00e3o investigadas.<\/p>\n\n\n\n<p class=\"has-text-color has-small-font-size\" style=\"color:#ffffff00\">.<\/p>\n\n\n\n<figure class=\"wp-block-image size-full\"><img decoding=\"async\" src=\"https:\/\/radiostudiow.com.br\/site\/wp-content\/uploads\/2022\/12\/800-2-1.gif\" alt=\"\" class=\"wp-image-10344\"\/><\/figure>\n\n\n\n<p class=\"has-text-color has-small-font-size\" style=\"color:#ffffff00\">.<\/p>\n\n\n\n<figure class=\"wp-block-image size-full\"><img loading=\"lazy\" decoding=\"async\" width=\"1000\" height=\"462\" src=\"https:\/\/radiostudiow.com.br\/site\/wp-content\/uploads\/2023\/01\/01.webp\" alt=\"\" class=\"wp-image-10882\" srcset=\"https:\/\/radiostudiow.com.br\/site\/wp-content\/uploads\/2023\/01\/01.webp 1000w, https:\/\/radiostudiow.com.br\/site\/wp-content\/uploads\/2023\/01\/01-300x139.webp 300w, https:\/\/radiostudiow.com.br\/site\/wp-content\/uploads\/2023\/01\/01-768x355.webp 768w\" sizes=\"auto, (max-width: 1000px) 100vw, 1000px\" \/><figcaption class=\"wp-element-caption\"><strong>Caminh\u00f5es batem de frente na BR-476, em Arauc\u00e1ria \u2014 Foto: Reprodu\u00e7\u00e3o<\/strong><\/figcaption><\/figure>\n\n\n\n<p class=\"has-text-color has-large-font-size\" style=\"color:#ffffff00\">.<\/p>\n\n\n\n<figure class=\"wp-block-image size-full\"><img loading=\"lazy\" decoding=\"async\" width=\"1000\" height=\"1009\" src=\"https:\/\/radiostudiow.com.br\/site\/wp-content\/uploads\/2023\/01\/02.webp\" alt=\"\" class=\"wp-image-10883\" srcset=\"https:\/\/radiostudiow.com.br\/site\/wp-content\/uploads\/2023\/01\/02.webp 1000w, https:\/\/radiostudiow.com.br\/site\/wp-content\/uploads\/2023\/01\/02-297x300.webp 297w, https:\/\/radiostudiow.com.br\/site\/wp-content\/uploads\/2023\/01\/02-768x775.webp 768w, https:\/\/radiostudiow.com.br\/site\/wp-content\/uploads\/2023\/01\/02-80x80.webp 80w\" sizes=\"auto, (max-width: 1000px) 100vw, 1000px\" \/><figcaption class=\"wp-element-caption\"><strong>Caminh\u00f5es batem de frente na BR-476, em Arauc\u00e1ria \u2014 Foto: Reprodu\u00e7\u00e3o<\/strong><\/figcaption><\/figure>\n\n\n\n<p class=\"has-text-color has-large-font-size\" style=\"color:#ffffff00\">.<\/p>\n\n\n\n<figure class=\"wp-block-image size-full\"><img decoding=\"async\" src=\"https:\/\/radiostudiow.com.br\/site\/wp-content\/uploads\/2023\/01\/03.webp\" alt=\"\" class=\"wp-image-10884\"\/><figcaption class=\"wp-element-caption\"><strong>Caminh\u00f5es batem de frente na BR-476, em Arauc\u00e1ria \u2014 Foto: Reprodu\u00e7\u00e3o<\/strong><\/figcaption><\/figure>\n\n\n\n<p class=\"has-text-color has-large-font-size\" style=\"color:#ffffff00\">.<\/p>\n\n\n\n<p>Fonte: <a href=\"https:\/\/g1.globo.com\/pr\/parana\/noticia\/2023\/01\/31\/duas-pessoas-morrem-apos-caminhoes-baterem-de-frente-na-br-476-em-araucaria-video.ghtml\" data-type=\"URL\" data-id=\"https:\/\/g1.globo.com\/pr\/parana\/noticia\/2023\/01\/31\/duas-pessoas-morrem-apos-caminhoes-baterem-de-frente-na-br-476-em-araucaria-video.ghtml\" target=\"_blank\" rel=\"noreferrer noopener\">G1 Paran\u00e1<\/a><\/p>\n","protected":false},"excerpt":{"rendered":"<p>. Duas pessoas morreram em um grave acidente envolvendo dois caminh\u00f5es na Rodovia do Xisto, na BR-476, em Arauc\u00e1ria, na regi\u00e3o metropolitana de Curitiba. C\u00e2meras de seguran\u00e7a flagraram a batida. . . O acidente foi registrado no final da tarde de segunda-feira (30). De acordo com a Pol\u00edcia Rodovi\u00e1ria Federal (PRF), dois caminh\u00f5es bateram de [&hellip;]<\/p>\n","protected":false},"author":2,"featured_media":10883,"comment_status":"open","ping_status":"open","sticky":false,"template":"","format":"standard","meta":{"footnotes":""},"categories":[185],"tags":[172],"class_list":["post-10881","post","type-post","status-publish","format-standard","has-post-thumbnail","hentry","category-regional","tag-featured"],"amp_enabled":true,"_links":{"self":[{"href":"https:\/\/radiostudiow.com.br\/site\/wp-json\/wp\/v2\/posts\/10881","targetHints":{"allow":["GET"]}}],"collection":[{"href":"https:\/\/radiostudiow.com.br\/site\/wp-json\/wp\/v2\/posts"}],"about":[{"href":"https:\/\/radiostudiow.com.br\/site\/wp-json\/wp\/v2\/types\/post"}],"author":[{"embeddable":true,"href":"https:\/\/radiostudiow.com.br\/site\/wp-json\/wp\/v2\/users\/2"}],"replies":[{"embeddable":true,"href":"https:\/\/radiostudiow.com.br\/site\/wp-json\/wp\/v2\/comments?post=10881"}],"version-history":[{"count":2,"href":"https:\/\/radiostudiow.com.br\/site\/wp-json\/wp\/v2\/posts\/10881\/revisions"}],"predecessor-version":[{"id":10886,"href":"https:\/\/radiostudiow.com.br\/site\/wp-json\/wp\/v2\/posts\/10881\/revisions\/10886"}],"wp:featuredmedia":[{"embeddable":true,"href":"https:\/\/radiostudiow.com.br\/site\/wp-json\/wp\/v2\/media\/10883"}],"wp:attachment":[{"href":"https:\/\/radiostudiow.com.br\/site\/wp-json\/wp\/v2\/media?parent=10881"}],"wp:term":[{"taxonomy":"category","embeddable":true,"href":"https:\/\/radiostudiow.com.br\/site\/wp-json\/wp\/v2\/categories?post=10881"},{"taxonomy":"post_tag","embeddable":true,"href":"https:\/\/radiostudiow.com.br\/site\/wp-json\/wp\/v2\/tags?post=10881"}],"curies":[{"name":"wp","href":"https:\/\/api.w.org\/{rel}","templated":true}]}}