{"id":10887,"date":"2023-01-31T10:07:45","date_gmt":"2023-01-31T13:07:45","guid":{"rendered":"https:\/\/radiostudiow.com.br\/site\/?p=10887"},"modified":"2025-01-31T15:09:40","modified_gmt":"2025-01-31T18:09:40","slug":"sete-pessoas-morrem-e-22-ficam-feridas-apos-onibus-de-viagem-tombar-na-br-277-em-fernandes-pinheiro","status":"publish","type":"post","link":"https:\/\/radiostudiow.com.br\/site\/2023\/01\/31\/sete-pessoas-morrem-e-22-ficam-feridas-apos-onibus-de-viagem-tombar-na-br-277-em-fernandes-pinheiro\/","title":{"rendered":"Sete pessoas morrem e 22 ficam feridas ap\u00f3s \u00f4nibus de viagem tombar na BR-277, em Fernandes Pinheiro"},"content":{"rendered":"\n<figure class=\"wp-block-image size-full\"><img decoding=\"async\" src=\"https:\/\/radiostudiow.com.br\/site\/wp-content\/uploads\/2022\/05\/SEPAC.jpg\" alt=\"\" class=\"wp-image-7600\"\/><\/figure>\n\n\n\n<p class=\"has-text-color\" style=\"color:#ffffff00\">.<\/p>\n\n\n\n<p class=\"has-medium-font-size\">Ve\u00edculo saiu de Florian\u00f3polis (SC) com destino a Foz do Igua\u00e7u; \u00f4nibus saiu da pista na madrugada desta ter\u00e7a (31), segundo PRF. Motorista e outros 25 passageiros n\u00e3o se feriram.<\/p>\n\n\n\n<p class=\"has-text-color\" style=\"color:#ffffff00\">.<\/p>\n\n\n<div class=\"wp-block-image\">\n<figure class=\"aligncenter size-full\"><img decoding=\"async\" src=\"https:\/\/radiostudiow.com.br\/site\/wp-content\/uploads\/2023\/01\/01-1.webp\" alt=\"\" class=\"wp-image-10888\"\/><figcaption class=\"wp-element-caption\">Sete pessoas morrem e 22 ficam feridas ap\u00f3s \u00f4nibus de viagem tombar na BR-277, em Fernandes Pinheiro \u2014 Foto: Foto Autorizada\/Tiago Siebert<\/figcaption><\/figure>\n<\/div>\n\n\n<p class=\"has-text-color\" style=\"color:#ffffff00\">.<\/p>\n\n\n\n<p class=\"has-medium-font-size\">Sete pessoas morreram, entre elas uma crian\u00e7a de tr\u00eas anos, e 22 ficaram feridas depois de um \u00f4nibus de viagem tombar na BR-277 em Fernandes Pinheiro, na regi\u00e3o central do Paran\u00e1, na madrugada desta ter\u00e7a-feira (31). De acordo com a Pol\u00edcia Rodovi\u00e1ria Federal (PRF), o ve\u00edculo saiu da pista.<\/p>\n\n\n\n<p class=\"has-medium-font-size\">Segundo a corpora\u00e7\u00e3o, al\u00e9m do menino argentino, as v\u00edtimas s\u00e3o duas mulheres e quatro homens. Uma delas, tamb\u00e9m argentina, \u00e9 m\u00e3e da crian\u00e7a.<\/p>\n\n\n\n<p class=\"has-medium-font-size\">Segundo o Corpo de Bombeiros, 54 passageiros estavam a bordo do ve\u00edculo. Vinte e seis n\u00e3o se machucaram, entre eles o motorista.<\/p>\n\n\n\n<p class=\"has-medium-font-size\">Dos mortos, quatro corpos est\u00e3o embaixo do ve\u00edculo, de acordo com a corpora\u00e7\u00e3o.<\/p>\n\n\n\n<p class=\"has-text-color\" style=\"color:#ffffff00\">.<\/p>\n\n\n<div class=\"wp-block-image\">\n<figure class=\"aligncenter size-full\"><img decoding=\"async\" src=\"https:\/\/radiostudiow.com.br\/site\/wp-content\/uploads\/2022\/06\/vem_ai.jpg\" alt=\"\" class=\"wp-image-7789\"\/><\/figure>\n<\/div>\n\n\n<p class=\"has-text-color\" style=\"color:#ffffff00\">.<\/p>\n\n\n\n<p class=\"has-medium-font-size\">O ve\u00edculo pertence \u00e0 Via\u00e7\u00e3o Catarinense e, segundo a empresa, saiu de Florian\u00f3polis (SC) \u00e0s 16h40 de segunda-feira (30) com destino a Foz do Igua\u00e7u, no oeste do Paran\u00e1.<\/p>\n\n\n\n<p class=\"has-medium-font-size\">Por nota, a companhia lamentou o ocorrido e disse estar com equipes no local prestando assist\u00eancia aos passageiros e familiares. Refor\u00e7ou, ainda, &#8220;compromisso com a seguran\u00e7a&#8221; e estar \u00e0 disposi\u00e7\u00e3o das autoridades para esclarecimentos.<\/p>\n\n\n\n<p class=\"has-medium-font-size\">&#8220;A gente levou oito v\u00edtimas cr\u00edticas no hospital de Irati, as outras v\u00edtimas a gente levou para a UPA de Irati. E tamb\u00e9m tinha, at\u00e9 o momento, sete mortos, sendo um deles uma crian\u00e7a em torno de quatro anos. [&#8230;] S\u00f3 que a gente n\u00e3o conseguiu ter mais acesso na ribanceira. O \u00f4nibus estava capotado, ele tem dois andares, a gente n\u00e3o tem acesso embaixo dele&#8221;, contou Tiago Siebert.<\/p>\n\n\n\n<p class=\"has-text-color\" style=\"color:#ffffff00\">.<\/p>\n\n\n\n<figure class=\"wp-block-image size-full is-style-default\"><img loading=\"lazy\" decoding=\"async\" width=\"1000\" height=\"918\" src=\"https:\/\/radiostudiow.com.br\/site\/wp-content\/uploads\/2023\/01\/02-1.webp\" alt=\"\" class=\"wp-image-10889\" srcset=\"https:\/\/radiostudiow.com.br\/site\/wp-content\/uploads\/2023\/01\/02-1.webp 1000w, https:\/\/radiostudiow.com.br\/site\/wp-content\/uploads\/2023\/01\/02-1-300x275.webp 300w, https:\/\/radiostudiow.com.br\/site\/wp-content\/uploads\/2023\/01\/02-1-768x705.webp 768w\" sizes=\"auto, (max-width: 1000px) 100vw, 1000px\" \/><figcaption class=\"wp-element-caption\">Sete pessoas morrem e 22 ficam feridas ap\u00f3s \u00f4nibus de viagem tombar na BR-277, em Fernandes Pinheiro \u2014 Foto: Foto Autorizada\/Tiago Siebert<\/figcaption><\/figure>\n\n\n\n<p class=\"has-text-color\" style=\"color:#ffffff00\">.<\/p>\n\n\n\n<p class=\"has-medium-font-size\">Os corpos est\u00e3o sendo recolhidos e levados para o Instituto M\u00e9dico-Legal (IML) de Ponta Grossa, nos Campos Gerais.<\/p>\n\n\n\n<p class=\"has-medium-font-size\">J\u00e1 os feridos foram levados para hospitais de Irati.<\/p>\n\n\n\n<p class=\"has-text-color\" style=\"color:#ffffff00\">.<\/p>\n\n\n\n<figure class=\"wp-block-image size-full\"><img loading=\"lazy\" decoding=\"async\" width=\"1000\" height=\"562\" src=\"https:\/\/radiostudiow.com.br\/site\/wp-content\/uploads\/2023\/01\/03-1.webp\" alt=\"\" class=\"wp-image-10890\" srcset=\"https:\/\/radiostudiow.com.br\/site\/wp-content\/uploads\/2023\/01\/03-1.webp 1000w, https:\/\/radiostudiow.com.br\/site\/wp-content\/uploads\/2023\/01\/03-1-300x169.webp 300w, https:\/\/radiostudiow.com.br\/site\/wp-content\/uploads\/2023\/01\/03-1-768x432.webp 768w\" sizes=\"auto, (max-width: 1000px) 100vw, 1000px\" \/><\/figure>\n\n\n\n<p class=\"has-text-color\" style=\"color:#ffffff00\">.<\/p>\n\n\n\n<p>Fonte: <a href=\"https:\/\/g1.globo.com\/pr\/campos-gerais-sul\/noticia\/2023\/01\/31\/pelo-menos-sete-pessoas-morrem-apos-onibus-de-viagem-tombar-na-br-277-em-fernandes-pinheiro.ghtml\" data-type=\"URL\" data-id=\"https:\/\/g1.globo.com\/pr\/campos-gerais-sul\/noticia\/2023\/01\/31\/pelo-menos-sete-pessoas-morrem-apos-onibus-de-viagem-tombar-na-br-277-em-fernandes-pinheiro.ghtml\" target=\"_blank\" rel=\"noreferrer noopener\">G1 Paran\u00e1<\/a><\/p>\n\n\n<div class=\"wp-block-image\">\n<figure class=\"aligncenter size-full\"><img decoding=\"async\" src=\"https:\/\/radiostudiow.com.br\/site\/wp-content\/uploads\/2022\/06\/NUTRI-MALLET.jpg\" alt=\"\" class=\"wp-image-7772\"\/><\/figure>\n<\/div>","protected":false},"excerpt":{"rendered":"<p>. Ve\u00edculo saiu de Florian\u00f3polis (SC) com destino a Foz do Igua\u00e7u; \u00f4nibus saiu da pista na madrugada desta ter\u00e7a (31), segundo PRF. Motorista e outros 25 passageiros n\u00e3o se feriram. . . Sete pessoas morreram, entre elas uma crian\u00e7a de tr\u00eas anos, e 22 ficaram feridas depois de um \u00f4nibus de viagem tombar na [&hellip;]<\/p>\n","protected":false},"author":2,"featured_media":0,"comment_status":"open","ping_status":"open","sticky":false,"template":"","format":"standard","meta":{"footnotes":""},"categories":[185],"tags":[172],"class_list":["post-10887","post","type-post","status-publish","format-standard","hentry","category-regional","tag-featured"],"amp_enabled":true,"_links":{"self":[{"href":"https:\/\/radiostudiow.com.br\/site\/wp-json\/wp\/v2\/posts\/10887","targetHints":{"allow":["GET"]}}],"collection":[{"href":"https:\/\/radiostudiow.com.br\/site\/wp-json\/wp\/v2\/posts"}],"about":[{"href":"https:\/\/radiostudiow.com.br\/site\/wp-json\/wp\/v2\/types\/post"}],"author":[{"embeddable":true,"href":"https:\/\/radiostudiow.com.br\/site\/wp-json\/wp\/v2\/users\/2"}],"replies":[{"embeddable":true,"href":"https:\/\/radiostudiow.com.br\/site\/wp-json\/wp\/v2\/comments?post=10887"}],"version-history":[{"count":1,"href":"https:\/\/radiostudiow.com.br\/site\/wp-json\/wp\/v2\/posts\/10887\/revisions"}],"predecessor-version":[{"id":10891,"href":"https:\/\/radiostudiow.com.br\/site\/wp-json\/wp\/v2\/posts\/10887\/revisions\/10891"}],"wp:attachment":[{"href":"https:\/\/radiostudiow.com.br\/site\/wp-json\/wp\/v2\/media?parent=10887"}],"wp:term":[{"taxonomy":"category","embeddable":true,"href":"https:\/\/radiostudiow.com.br\/site\/wp-json\/wp\/v2\/categories?post=10887"},{"taxonomy":"post_tag","embeddable":true,"href":"https:\/\/radiostudiow.com.br\/site\/wp-json\/wp\/v2\/tags?post=10887"}],"curies":[{"name":"wp","href":"https:\/\/api.w.org\/{rel}","templated":true}]}}