{"id":10892,"date":"2023-01-31T11:41:00","date_gmt":"2023-01-31T14:41:00","guid":{"rendered":"https:\/\/radiostudiow.com.br\/site\/?p=10892"},"modified":"2025-01-31T15:09:40","modified_gmt":"2025-01-31T18:09:40","slug":"em-irati-prf-apreende-quase-300-quilos-de-maconha-e-recupera-veiculo-roubado","status":"publish","type":"post","link":"https:\/\/radiostudiow.com.br\/site\/2023\/01\/31\/em-irati-prf-apreende-quase-300-quilos-de-maconha-e-recupera-veiculo-roubado\/","title":{"rendered":"Em Irati, PRF apreende quase 300 quilos de maconha e recupera ve\u00edculo roubado"},"content":{"rendered":"\n<p class=\"has-medium-font-size\">Condutor do ve\u00edculo n\u00e3o obedeceu as ordem dos policiais para reduzir a velocidade pr\u00f3ximo a um acidente<\/p>\n\n\n\n<p class=\"has-text-color\" style=\"color:#ffffff00\">.<\/p>\n\n\n<div class=\"wp-block-image\">\n<figure class=\"aligncenter size-full\"><img decoding=\"async\" src=\"https:\/\/radiostudiow.com.br\/site\/wp-content\/uploads\/2022\/07\/WRNET.jpg\" alt=\"\" class=\"wp-image-8313\"\/><\/figure>\n<\/div>\n\n\n<p class=\"has-text-color\" style=\"color:#ffffff00\">.<\/p>\n\n\n\n<p class=\"has-medium-font-size\">Na madrugada desta ter\u00e7a-feira dia 31 de janeiro, por volta das 4h50, policiais rodovi\u00e1rios federais, enquanto estavam em atendimento de acidente de grande propor\u00e7\u00e3o envolvendo um \u00f4nibus no KM 232 da BR-277, deram ordem a uma caminhonete S10 para reduzir a velocidade visando a seguran\u00e7a, devido ao grande n\u00famero de pessoas no local. <\/p>\n\n\n\n<p class=\"has-medium-font-size\">O condutor do ve\u00edculo n\u00e3o obedeceu \u00e0s ordens e continuou em velocidade moderada, fato que motivou a abordagem.<\/p>\n\n\n\n<p class=\"has-medium-font-size\">Durante a fiscaliza\u00e7\u00e3o, foram encontrados 292,24 kg de maconha no compartimento de cargas da caminhonete. Ademais, ao se proceder a vistoria do ve\u00edculo, foi constatado que se tratava de um clone e estava com ocorr\u00eancia de roubo\/furto, na cidade de Cascavel-PR.<\/p>\n\n\n\n<p class=\"has-medium-font-size\">O condutor, homem de 22 anos, juntamente com a droga e o ve\u00edculo foram encaminhados \u00e0 Delegacia de Pol\u00edcia Civil de Irati-PR pelos crimes de Tr\u00e1fico de Drogas e Recepta\u00e7\u00e3o.<\/p>\n\n\n\n<p>Fonte: <a href=\"https:\/\/portalclique.com.br\/noticias\/em-irati-prf-apreende-quase-300-quilos-de-maconha-e-recupera-veiculo-roubado\/\" data-type=\"URL\" data-id=\"https:\/\/portalclique.com.br\/noticias\/em-irati-prf-apreende-quase-300-quilos-de-maconha-e-recupera-veiculo-roubado\/\" target=\"_blank\" rel=\"noreferrer noopener\">Portal Clique<\/a><\/p>\n\n\n\n<p class=\"has-text-color has-small-font-size\" style=\"color:#ffffff00\">.<\/p>\n\n\n<div class=\"wp-block-image\">\n<figure class=\"aligncenter size-full\"><img decoding=\"async\" src=\"https:\/\/radiostudiow.com.br\/site\/wp-content\/uploads\/2022\/06\/vem_ai.jpg\" alt=\"\" class=\"wp-image-7789\"\/><\/figure>\n<\/div>\n\n\n<p class=\"has-text-color has-medium-font-size\" style=\"color:#ffffff00\">.<\/p>\n\n\n\n<figure class=\"wp-block-image size-large\"><img loading=\"lazy\" decoding=\"async\" width=\"1024\" height=\"461\" src=\"https:\/\/radiostudiow.com.br\/site\/wp-content\/uploads\/2023\/01\/maconha-irati-prf-1024x461.jpg\" alt=\"\" class=\"wp-image-10893\" srcset=\"https:\/\/radiostudiow.com.br\/site\/wp-content\/uploads\/2023\/01\/maconha-irati-prf-1024x461.jpg 1024w, https:\/\/radiostudiow.com.br\/site\/wp-content\/uploads\/2023\/01\/maconha-irati-prf-300x135.jpg 300w, https:\/\/radiostudiow.com.br\/site\/wp-content\/uploads\/2023\/01\/maconha-irati-prf-768x346.jpg 768w, https:\/\/radiostudiow.com.br\/site\/wp-content\/uploads\/2023\/01\/maconha-irati-prf.jpg 1280w\" sizes=\"auto, (max-width: 1024px) 100vw, 1024px\" \/><figcaption class=\"wp-element-caption\">Foto: Reprodu\u00e7\u00e3o\/PRF<\/figcaption><\/figure>\n\n\n\n<p><\/p>\n\n\n\n<p class=\"has-text-color has-medium-font-size\" style=\"color:#ffffff00\">O condutor, homem de 22 anos, juntamente com a droga e o ve\u00edculo foram encaminhados \u00e0 Delegacia de Pol\u00edcia Civil de Irati-PR pelos crimes de Tr\u00e1fico de Drogas e Recepta\u00e7\u00e3o.<\/p>\n","protected":false},"excerpt":{"rendered":"<p>Condutor do ve\u00edculo n\u00e3o obedeceu as ordem dos policiais para reduzir a velocidade pr\u00f3ximo a um acidente . . Na madrugada desta ter\u00e7a-feira dia 31 de janeiro, por volta das 4h50, policiais rodovi\u00e1rios federais, enquanto estavam em atendimento de acidente de grande propor\u00e7\u00e3o envolvendo um \u00f4nibus no KM 232 da BR-277, deram ordem a uma [&hellip;]<\/p>\n","protected":false},"author":2,"featured_media":10893,"comment_status":"open","ping_status":"open","sticky":false,"template":"","format":"standard","meta":{"footnotes":""},"categories":[2,185],"tags":[172],"class_list":["post-10892","post","type-post","status-publish","format-standard","has-post-thumbnail","hentry","category-policial","category-regional","tag-featured"],"amp_enabled":true,"_links":{"self":[{"href":"https:\/\/radiostudiow.com.br\/site\/wp-json\/wp\/v2\/posts\/10892","targetHints":{"allow":["GET"]}}],"collection":[{"href":"https:\/\/radiostudiow.com.br\/site\/wp-json\/wp\/v2\/posts"}],"about":[{"href":"https:\/\/radiostudiow.com.br\/site\/wp-json\/wp\/v2\/types\/post"}],"author":[{"embeddable":true,"href":"https:\/\/radiostudiow.com.br\/site\/wp-json\/wp\/v2\/users\/2"}],"replies":[{"embeddable":true,"href":"https:\/\/radiostudiow.com.br\/site\/wp-json\/wp\/v2\/comments?post=10892"}],"version-history":[{"count":1,"href":"https:\/\/radiostudiow.com.br\/site\/wp-json\/wp\/v2\/posts\/10892\/revisions"}],"predecessor-version":[{"id":10894,"href":"https:\/\/radiostudiow.com.br\/site\/wp-json\/wp\/v2\/posts\/10892\/revisions\/10894"}],"wp:featuredmedia":[{"embeddable":true,"href":"https:\/\/radiostudiow.com.br\/site\/wp-json\/wp\/v2\/media\/10893"}],"wp:attachment":[{"href":"https:\/\/radiostudiow.com.br\/site\/wp-json\/wp\/v2\/media?parent=10892"}],"wp:term":[{"taxonomy":"category","embeddable":true,"href":"https:\/\/radiostudiow.com.br\/site\/wp-json\/wp\/v2\/categories?post=10892"},{"taxonomy":"post_tag","embeddable":true,"href":"https:\/\/radiostudiow.com.br\/site\/wp-json\/wp\/v2\/tags?post=10892"}],"curies":[{"name":"wp","href":"https:\/\/api.w.org\/{rel}","templated":true}]}}