{"id":10895,"date":"2023-01-31T15:24:59","date_gmt":"2023-01-31T18:24:59","guid":{"rendered":"https:\/\/radiostudiow.com.br\/site\/?p=10895"},"modified":"2025-01-31T15:09:40","modified_gmt":"2025-01-31T18:09:40","slug":"propriedade-no-interior-de-carambei-e-encontrada-lancando-dejetos-de-producao-em-rio","status":"publish","type":"post","link":"https:\/\/radiostudiow.com.br\/site\/2023\/01\/31\/propriedade-no-interior-de-carambei-e-encontrada-lancando-dejetos-de-producao-em-rio\/","title":{"rendered":"Propriedade no interior de Carambe\u00ed \u00e9 encontrada lan\u00e7ando dejetos de produ\u00e7\u00e3o em Rio"},"content":{"rendered":"<div class=\"wp-block-image\">\n<figure class=\"aligncenter size-full\"><img decoding=\"async\" src=\"https:\/\/radiostudiow.com.br\/site\/wp-content\/uploads\/2022\/06\/SICREDI.jpg\" alt=\"\" class=\"wp-image-7695\"\/><\/figure>\n<\/div>\n\n\n<p class=\"has-text-color\" style=\"color:#ffffff00\">.<\/p>\n\n\n\n<p class=\"has-medium-font-size\">Nesta \u00faltima segunda-feira, dia 30 de janeiro, a equipe da Pol\u00edcia Ambiental se deslocaram at\u00e9 uma propriedade em Santa C\u00e2ndida, \u00e1rea rural da cidade de Carambe\u00ed, onde l\u00e1 encontraram o lan\u00e7amento a c\u00e9u aberto de dejetos provenientes de atividade agropecu\u00e1ria leiteira, sendo que atingiu o Rio Tamandu\u00e1, que \u00e9 uma \u00e1rea de preserva\u00e7\u00e3o permanente.<\/p>\n\n\n\n<p class=\"has-medium-font-size\">O respons\u00e1vel pela propriedade foi encaminhado at\u00e9 \u00e0 Delegacia da Pol\u00edcia Civil da cidade para a apura\u00e7\u00e3o dos fatos, e ele foi multado no valor de R$ 120.000,00.&nbsp;<\/p>\n\n\n\n<p>Fonte: Pol\u00edcia Militar do Paran\u00e1<\/p>\n\n\n\n<p class=\"has-text-color has-small-font-size\" style=\"color:#ffffff00\">.<\/p>\n\n\n\n<figure class=\"wp-block-image size-large\"><img loading=\"lazy\" decoding=\"async\" width=\"893\" height=\"1024\" src=\"https:\/\/radiostudiow.com.br\/site\/wp-content\/uploads\/2023\/01\/01-11-893x1024.jpg\" alt=\"\" class=\"wp-image-10896\" srcset=\"https:\/\/radiostudiow.com.br\/site\/wp-content\/uploads\/2023\/01\/01-11-893x1024.jpg 893w, https:\/\/radiostudiow.com.br\/site\/wp-content\/uploads\/2023\/01\/01-11-262x300.jpg 262w, https:\/\/radiostudiow.com.br\/site\/wp-content\/uploads\/2023\/01\/01-11-768x881.jpg 768w, https:\/\/radiostudiow.com.br\/site\/wp-content\/uploads\/2023\/01\/01-11.jpg 1200w\" sizes=\"auto, (max-width: 893px) 100vw, 893px\" \/><figcaption class=\"wp-element-caption\">Foto: Pol\u00edcia Militar do Paran\u00e1<\/figcaption><\/figure>\n\n\n\n<p class=\"has-text-color\" style=\"color:#ffffff00\">.<\/p>\n\n\n\n<figure class=\"wp-block-image size-large\"><img decoding=\"async\" src=\"https:\/\/radiostudiow.com.br\/site\/wp-content\/uploads\/2023\/01\/02-11-893x1024.jpg\" alt=\"\" class=\"wp-image-10897\"\/><figcaption class=\"wp-element-caption\">Foto: Pol\u00edcia Militar do Paran\u00e1<\/figcaption><\/figure>\n\n\n\n<p class=\"has-text-color\" style=\"color:#ffffff00\">.<\/p>\n\n\n\n<figure class=\"wp-block-video\"><video controls src=\"https:\/\/radiostudiow.com.br\/site\/wp-content\/uploads\/2023\/01\/01-1.mp4\"><\/video><figcaption class=\"wp-element-caption\">V\u00eddeo: Pol\u00edcia Militar do Paran\u00e1<\/figcaption><\/figure>\n\n\n\n<p class=\"has-text-color\" style=\"color:#ffffff00\">.<\/p>\n\n\n<div class=\"wp-block-image\">\n<figure class=\"aligncenter size-full\"><img decoding=\"async\" src=\"https:\/\/radiostudiow.com.br\/site\/wp-content\/uploads\/2022\/07\/QUERO.QUERO_.jpg\" alt=\"\" class=\"wp-image-8289\"\/><\/figure>\n<\/div>","protected":false},"excerpt":{"rendered":"<p>. Nesta \u00faltima segunda-feira, dia 30 de janeiro, a equipe da Pol\u00edcia Ambiental se deslocaram at\u00e9 uma propriedade em Santa C\u00e2ndida, \u00e1rea rural da cidade de Carambe\u00ed, onde l\u00e1 encontraram o lan\u00e7amento a c\u00e9u aberto de dejetos provenientes de atividade agropecu\u00e1ria leiteira, sendo que atingiu o Rio Tamandu\u00e1, que \u00e9 uma \u00e1rea de preserva\u00e7\u00e3o permanente. [&hellip;]<\/p>\n","protected":false},"author":2,"featured_media":10896,"comment_status":"open","ping_status":"open","sticky":false,"template":"","format":"standard","meta":{"footnotes":""},"categories":[2,185],"tags":[172],"class_list":["post-10895","post","type-post","status-publish","format-standard","has-post-thumbnail","hentry","category-policial","category-regional","tag-featured"],"amp_enabled":true,"_links":{"self":[{"href":"https:\/\/radiostudiow.com.br\/site\/wp-json\/wp\/v2\/posts\/10895","targetHints":{"allow":["GET"]}}],"collection":[{"href":"https:\/\/radiostudiow.com.br\/site\/wp-json\/wp\/v2\/posts"}],"about":[{"href":"https:\/\/radiostudiow.com.br\/site\/wp-json\/wp\/v2\/types\/post"}],"author":[{"embeddable":true,"href":"https:\/\/radiostudiow.com.br\/site\/wp-json\/wp\/v2\/users\/2"}],"replies":[{"embeddable":true,"href":"https:\/\/radiostudiow.com.br\/site\/wp-json\/wp\/v2\/comments?post=10895"}],"version-history":[{"count":3,"href":"https:\/\/radiostudiow.com.br\/site\/wp-json\/wp\/v2\/posts\/10895\/revisions"}],"predecessor-version":[{"id":10902,"href":"https:\/\/radiostudiow.com.br\/site\/wp-json\/wp\/v2\/posts\/10895\/revisions\/10902"}],"wp:featuredmedia":[{"embeddable":true,"href":"https:\/\/radiostudiow.com.br\/site\/wp-json\/wp\/v2\/media\/10896"}],"wp:attachment":[{"href":"https:\/\/radiostudiow.com.br\/site\/wp-json\/wp\/v2\/media?parent=10895"}],"wp:term":[{"taxonomy":"category","embeddable":true,"href":"https:\/\/radiostudiow.com.br\/site\/wp-json\/wp\/v2\/categories?post=10895"},{"taxonomy":"post_tag","embeddable":true,"href":"https:\/\/radiostudiow.com.br\/site\/wp-json\/wp\/v2\/tags?post=10895"}],"curies":[{"name":"wp","href":"https:\/\/api.w.org\/{rel}","templated":true}]}}