{"id":11095,"date":"2023-02-07T11:38:05","date_gmt":"2023-02-07T14:38:05","guid":{"rendered":"https:\/\/radiostudiow.com.br\/site\/?p=11095"},"modified":"2025-01-31T15:09:39","modified_gmt":"2025-01-31T18:09:39","slug":"homem-morre-em-acidente-na-br-476","status":"publish","type":"post","link":"https:\/\/radiostudiow.com.br\/site\/2023\/02\/07\/homem-morre-em-acidente-na-br-476\/","title":{"rendered":"HOMEM MORRE EM ACIDENTE NA BR-476"},"content":{"rendered":"\n<p>Um grave acidente ocorrido na madrugada desta ter\u00e7a-feira,07 de fevereiro, entre Uni\u00e3o da Vit\u00f3ria e Paulo Frontin na BR-476 deixou um homem de 39 anos em \u00f3bito no local.<\/p>\n\n\n\n<figure class=\"wp-block-image size-full\"><img decoding=\"async\" src=\"https:\/\/radiostudiow.com.br\/site\/wp-content\/uploads\/2022\/10\/image-4.png\" alt=\"\" class=\"wp-image-9421\"\/><\/figure>\n\n\n\n<p>De acordo com o Portal da Cidade, o acidente ocorreu por volta de 00:30 horas na BR-476, Km 406, pr\u00f3ximo ao trevo de Paulo Frontin e envolveu um ve\u00edculo Ford Cargo com placa de Curitiba e um VW Fox de cor prata com placas de Joinville.<\/p>\n\n\n\n<p>A v\u00edtima fatal estava no ve\u00edculo VW Fox que segundo informa\u00e7\u00f5es rodou na pista e bateu no caminh\u00e3o.<\/p>\n\n\n\n<p>O Corpo de Bombeiros de Uni\u00e3o da Vit\u00f3ria foi acionado e compareceu no local por\u00e9m a v\u00edtima j\u00e1 estava em \u00f3bito. Foi acionado O Instituto M\u00e9dico Legal de Uni\u00e3o da Vit\u00f3ria e a Pol\u00edcia Rodovi\u00e1ria.<\/p>\n\n\n\n<figure class=\"wp-block-image size-full\"><img decoding=\"async\" src=\"https:\/\/radiostudiow.com.br\/site\/wp-content\/uploads\/2022\/07\/AFUBRE-IRATI.jpg\" alt=\"\" class=\"wp-image-7992\"\/><\/figure>\n","protected":false},"excerpt":{"rendered":"<p>Um grave acidente ocorrido na madrugada desta ter\u00e7a-feira,07 de fevereiro, entre Uni\u00e3o da Vit\u00f3ria e Paulo Frontin na BR-476 deixou um homem de 39 anos em \u00f3bito no local. De acordo com o Portal da Cidade, o acidente ocorreu por volta de 00:30 horas na BR-476, Km 406, pr\u00f3ximo ao trevo de Paulo Frontin e [&hellip;]<\/p>\n","protected":false},"author":2,"featured_media":11096,"comment_status":"open","ping_status":"open","sticky":false,"template":"","format":"standard","meta":{"footnotes":""},"categories":[2],"tags":[172],"class_list":["post-11095","post","type-post","status-publish","format-standard","has-post-thumbnail","hentry","category-policial","tag-featured"],"amp_enabled":true,"_links":{"self":[{"href":"https:\/\/radiostudiow.com.br\/site\/wp-json\/wp\/v2\/posts\/11095","targetHints":{"allow":["GET"]}}],"collection":[{"href":"https:\/\/radiostudiow.com.br\/site\/wp-json\/wp\/v2\/posts"}],"about":[{"href":"https:\/\/radiostudiow.com.br\/site\/wp-json\/wp\/v2\/types\/post"}],"author":[{"embeddable":true,"href":"https:\/\/radiostudiow.com.br\/site\/wp-json\/wp\/v2\/users\/2"}],"replies":[{"embeddable":true,"href":"https:\/\/radiostudiow.com.br\/site\/wp-json\/wp\/v2\/comments?post=11095"}],"version-history":[{"count":1,"href":"https:\/\/radiostudiow.com.br\/site\/wp-json\/wp\/v2\/posts\/11095\/revisions"}],"predecessor-version":[{"id":11097,"href":"https:\/\/radiostudiow.com.br\/site\/wp-json\/wp\/v2\/posts\/11095\/revisions\/11097"}],"wp:featuredmedia":[{"embeddable":true,"href":"https:\/\/radiostudiow.com.br\/site\/wp-json\/wp\/v2\/media\/11096"}],"wp:attachment":[{"href":"https:\/\/radiostudiow.com.br\/site\/wp-json\/wp\/v2\/media?parent=11095"}],"wp:term":[{"taxonomy":"category","embeddable":true,"href":"https:\/\/radiostudiow.com.br\/site\/wp-json\/wp\/v2\/categories?post=11095"},{"taxonomy":"post_tag","embeddable":true,"href":"https:\/\/radiostudiow.com.br\/site\/wp-json\/wp\/v2\/tags?post=11095"}],"curies":[{"name":"wp","href":"https:\/\/api.w.org\/{rel}","templated":true}]}}